{"id":505056,"date":"2017-10-17T11:50:07","date_gmt":"2017-10-17T16:50:07","guid":{"rendered":"https:\/\/www.futboltotal.com.mx\/?p=505056"},"modified":"2017-10-17T11:50:07","modified_gmt":"2017-10-17T16:50:07","slug":"lionel-messi-le-exige-a-pique-dejar-temas-politicos","status":"publish","type":"post","link":"http:\/\/desarrollo.grupomedios.com\/futbol\/futbol-internacional\/lionel-messi-le-exige-a-pique-dejar-temas-politicos\/2017\/10","title":{"rendered":"Lionel Messi le exige a Piqu\u00e9 dejar temas pol\u00edticos"},"content":{"rendered":"<p><strong>Lionel Messi<\/strong> estar\u00eda muy preocupado por porque su compa\u00f1ero de equipo,\u00a0<strong>Gerard Piqu\u00e9<\/strong> se ha inmiscuido en gran medida en temas pol\u00edticos y no se ha enfocado en el terreno de juego, adem\u00e1s que se ha aislado de sus compa\u00f1eros en el vestuario. Por lo que el &#8217;10&#8217; argentino le hab\u00eda exigido al central espa\u00f1ol que deje de lado todo y se dedique a jugar.<\/p>\n<p>De acuerdo al periodista<strong>\u00a0Eduardo Inda<\/strong>, expres\u00f3 en <em>\u2018El Chiringuito\u2019,<\/em> que el atacante argentino est\u00e1 preocupado por la inseguridad jur\u00eddica-econ\u00f3mica que producir\u00eda la independencia de <strong>Catalu\u00f1a<\/strong> para un jugador de su talla y adem\u00e1s, los abucheos que esta situaci\u00f3n podr\u00eda producirle al conjunto catal\u00e1n.<\/p>\n<p>\u201cMessi ten\u00eda miedo de que la senda pol\u00edtica que ha tomado el <strong>Barcelona<\/strong> pudiese afectar en los campos de f\u00fatbol con pitadas al equipo y el otro d\u00eda en el partido con el Atl\u00e9tico de Madrid hubo una prueba de ello. Por eso Messi cogi\u00f3 por banda a Piqu\u00e9 y le dijo: <strong>\u2018Que se abstenga de una pu\u00f1etera vez de meterse en temas pol\u00edticos\u2019\u201d<\/strong>, explica Eduardo Inda en \u2018El Chiringuito\u2019.<\/p>\n<blockquote class=\"twitter-video\" data-lang=\"es\">\n<p dir=\"ltr\" lang=\"es\">\u00a1EXCLUSINDA! &#8220;Messi LE HA DICHO a Piqu\u00e9 que se ABSTENGA de meterse en &#8216;tonter\u00edas pol\u00edticas'&#8221; \u00a1VENTE a <a href=\"https:\/\/twitter.com\/hashtag\/ChiringuitoInda?src=hash&amp;ref_src=twsrc%5Etfw\">#ChiringuitoInda<\/a>! <a href=\"https:\/\/t.co\/m8WnliGnyd\">pic.twitter.com\/m8WnliGnyd<\/a><\/p>\n<p>\u2014 El Chiringuito TV (@elchiringuitotv) <a href=\"https:\/\/twitter.com\/elchiringuitotv\/status\/920065715750793219?ref_src=twsrc%5Etfw\">16 de octubre de 2017<\/a><\/p><\/blockquote>\n<p><script async src=\"\/\/platform.twitter.com\/widgets.js\" charset=\"utf-8\"><\/script><\/p>\n<p style=\"text-align: center;\"><a href=\"https:\/\/www.futboltotal.com.mx\/mexico-enfrentaria-a-campeon-del-mundo-previo-al-mundial\/2017\/10\/\" target=\"_blank\" rel=\"noopener\">VER M\u00c1S: M\u00e9xico enfrentar\u00e1 a un Campe\u00f3n del Mundo previo a Rusia 2018<\/a><\/p>\n<p>Esto estar\u00eda trayendo como consecuencia, adem\u00e1s la renovaci\u00f3n de Messi, que sigue pendiente, pues no ha firmado y\u00a0solo lo ha hecho su padre por medio de un acuerdo de intenciones, pero ha dejado en claro que no est\u00e1 de acuerdo con la inclusi\u00f3n del equipo en un tema como el de la independencia de Catalu\u00f1a, pues piensa que afecta la imagen de los jugadores.<\/p>\n<p>Por su parte, Gerard Piqu\u00e9 no ha dejado de manifestar su apoyo a la causa a trav\u00e9s de sus redes sociales, donde el d\u00eda de la votaci\u00f3n hizo toda una cobertura, adem\u00e1s de mostrar una fotograf\u00eda cuando realiz\u00f3 su voto, indicando: <strong>&#8220;ya he votado. Juntos somos imparables defendiendo la democracia&#8221;<\/strong>.<\/p>\n<blockquote class=\"twitter-tweet\" data-lang=\"es\">\n<p dir=\"ltr\" lang=\"und\">Ja he votat. Junts som imparables defensant la democr\u00e0cia. <a href=\"https:\/\/t.co\/mGXf7Qj1TM\">pic.twitter.com\/mGXf7Qj1TM<\/a><\/p>\n<p>\u2014 Gerard Piqu\u00e9 (@3gerardpique) <a href=\"https:\/\/twitter.com\/3gerardpique\/status\/914433491747659776?ref_src=twsrc%5Etfw\">1 de octubre de 2017<\/a><\/p><\/blockquote>\n<p><script async src=\"\/\/platform.twitter.com\/widgets.js\" charset=\"utf-8\"><\/script><\/p>\n<p style=\"text-align: center;\"><a href=\"https:\/\/www.futboltotal.com.mx\/copa-mundial-2018\/suecia-vs-italia-listos-repechajes-uefa-rusia-2018\/\" target=\"_blank\" rel=\"noopener\">VER M\u00c1S: Listos los duelos de repechaje de UEFA para Rusia 2018<\/a><\/p>\n","protected":false},"excerpt":{"rendered":"<p>El vestuario del Barcelona estar\u00eda dividido por el conflicto pol\u00edtico<\/p>\n","protected":false},"author":159,"featured_media":505060,"comment_status":"closed","ping_status":"closed","sticky":false,"template":"","format":"standard","meta":[],"categories":[3839],"tags":[5984,2309,6015,6012],"_links":{"self":[{"href":"http:\/\/desarrollo.grupomedios.com\/futbol\/wp-json\/wp\/v2\/posts\/505056"}],"collection":[{"href":"http:\/\/desarrollo.grupomedios.com\/futbol\/wp-json\/wp\/v2\/posts"}],"about":[{"href":"http:\/\/desarrollo.grupomedios.com\/futbol\/wp-json\/wp\/v2\/types\/post"}],"author":[{"embeddable":true,"href":"http:\/\/desarrollo.grupomedios.com\/futbol\/wp-json\/wp\/v2\/users\/159"}],"replies":[{"embeddable":true,"href":"http:\/\/desarrollo.grupomedios.com\/futbol\/wp-json\/wp\/v2\/comments?post=505056"}],"version-history":[{"count":1,"href":"http:\/\/desarrollo.grupomedios.com\/futbol\/wp-json\/wp\/v2\/posts\/505056\/revisions"}],"predecessor-version":[{"id":505061,"href":"http:\/\/desarrollo.grupomedios.com\/futbol\/wp-json\/wp\/v2\/posts\/505056\/revisions\/505061"}],"wp:featuredmedia":[{"embeddable":true,"href":"http:\/\/desarrollo.grupomedios.com\/futbol\/wp-json\/wp\/v2\/media\/505060"}],"wp:attachment":[{"href":"http:\/\/desarrollo.grupomedios.com\/futbol\/wp-json\/wp\/v2\/media?parent=505056"}],"wp:term":[{"taxonomy":"category","embeddable":true,"href":"http:\/\/desarrollo.grupomedios.com\/futbol\/wp-json\/wp\/v2\/categories?post=505056"},{"taxonomy":"post_tag","embeddable":true,"href":"http:\/\/desarrollo.grupomedios.com\/futbol\/wp-json\/wp\/v2\/tags?post=505056"}],"curies":[{"name":"wp","href":"https:\/\/api.w.org\/{rel}","templated":true}]}}