{"id":505067,"date":"2017-10-17T12:34:19","date_gmt":"2017-10-17T17:34:19","guid":{"rendered":"https:\/\/www.futboltotal.com.mx\/?p=505067"},"modified":"2017-10-17T12:34:19","modified_gmt":"2017-10-17T17:34:19","slug":"rusia-tendra-amistoso-contra-brasil-previo-al-mundial","status":"publish","type":"post","link":"http:\/\/desarrollo.grupomedios.com\/futbol\/futbol-internacional\/rusia-tendra-amistoso-contra-brasil-previo-al-mundial\/2017\/10","title":{"rendered":"Rusia tendr\u00e1 amistoso contra Brasil previo al Mundial"},"content":{"rendered":"<p>La <strong>selecci\u00f3n brasile\u00f1a de f\u00fatbol<\/strong> visitar\u00e1 a la de <strong>Rusia<\/strong> el pr\u00f3ximo 23 de marzo en <strong>Mosc\u00fa<\/strong> en un partido que forma parte de su preparaci\u00f3n para el <strong>Mundial<\/strong> que ese pa\u00eds organizar\u00e1 en 2018, inform\u00f3 hoy la <strong>Confederaci\u00f3n Brasile\u00f1a de F\u00fatbol (CBF)<\/strong>.<\/p>\n<p>Ser\u00e1 el cuarto encuentro amistoso programado para la <strong>Canarinha<\/strong> antes de jugar por la <strong>Copa del Mundo<\/strong>, tras los ya confirmados frente a Jap\u00f3n, Inglaterra y Alemania.<\/p>\n<p>Pese a que la fecha y la ciudad del duelo contra Rusia fueron acordados por ambos pa\u00edses, los anfitriones a\u00fan no han confirmado el estadio en el que se disputar\u00e1.<\/p>\n<p style=\"text-align: center;\"><span style=\"color: #3366ff;\"><a href=\"https:\/\/www.futboltotal.com.mx\/copa-mundial-2018\/suecia-vs-italia-listos-repechajes-uefa-rusia-2018\/\">VER M\u00c1S: Suecia vs Italia; listos repechajes de UEFA para Rusia 2018<\/a><\/span><\/p>\n<p>https:\/\/twitter.com\/CBF_Futebol\/status\/920314445531893760<\/p>\n<p>El lance fue pactado para cumplir con uno de los objetivos del seleccionador brasile\u00f1o, <strong>Adenor Leonardo Bachi &#8216;Tite&#8217;<\/strong>, de poder jugar en el pa\u00eds sede del Mundial antes de la competici\u00f3n.<\/p>\n<p>&#8220;Consideramos importante sentir el clima de Rusia, de sus hinchas y de sus estadios, as\u00ed como el de los jugadores en este ambiente antes de que la comisi\u00f3n t\u00e9cnica divulgue la lista final de convocados&#8221;, explic\u00f3 el coordinador de selecciones de Brasil, <strong>Edu Gaspar<\/strong>, citado en el comunicado de la CBF.<\/p>\n<p>Asimismo, ser\u00e1 el \u00faltimo partido de la selecci\u00f3n brasile\u00f1a antes de la divulgaci\u00f3n de los convocados para el Mundial y pondr\u00e1 fin a una serie de amistosos programados con selecciones de alto nivel y que estar\u00e1n en Rusia 2018.<\/p>\n<p>&#8220;Nuestro objetivo era tener cuatro partidos de alto nivel. Enfrentaremos a Jap\u00f3n, Inglaterra, Alemania y Rusia. Esa ser\u00e1 una excelente base de trabajo que permitir\u00e1 a la comisi\u00f3n t\u00e9cnica construir y consolidar el equipo&#8221;, asegur\u00f3 Gaspar.EFE<\/p>\n","protected":false},"excerpt":{"rendered":"<p>Rusia quiere medirse a potencias antes de su Mundial.<\/p>\n","protected":false},"author":129,"featured_media":505069,"comment_status":"closed","ping_status":"closed","sticky":false,"template":"","format":"standard","meta":[],"categories":[3839],"tags":[6009,2763,133,4165,1063,2232],"_links":{"self":[{"href":"http:\/\/desarrollo.grupomedios.com\/futbol\/wp-json\/wp\/v2\/posts\/505067"}],"collection":[{"href":"http:\/\/desarrollo.grupomedios.com\/futbol\/wp-json\/wp\/v2\/posts"}],"about":[{"href":"http:\/\/desarrollo.grupomedios.com\/futbol\/wp-json\/wp\/v2\/types\/post"}],"author":[{"embeddable":true,"href":"http:\/\/desarrollo.grupomedios.com\/futbol\/wp-json\/wp\/v2\/users\/129"}],"replies":[{"embeddable":true,"href":"http:\/\/desarrollo.grupomedios.com\/futbol\/wp-json\/wp\/v2\/comments?post=505067"}],"version-history":[{"count":1,"href":"http:\/\/desarrollo.grupomedios.com\/futbol\/wp-json\/wp\/v2\/posts\/505067\/revisions"}],"predecessor-version":[{"id":505074,"href":"http:\/\/desarrollo.grupomedios.com\/futbol\/wp-json\/wp\/v2\/posts\/505067\/revisions\/505074"}],"wp:featuredmedia":[{"embeddable":true,"href":"http:\/\/desarrollo.grupomedios.com\/futbol\/wp-json\/wp\/v2\/media\/505069"}],"wp:attachment":[{"href":"http:\/\/desarrollo.grupomedios.com\/futbol\/wp-json\/wp\/v2\/media?parent=505067"}],"wp:term":[{"taxonomy":"category","embeddable":true,"href":"http:\/\/desarrollo.grupomedios.com\/futbol\/wp-json\/wp\/v2\/categories?post=505067"},{"taxonomy":"post_tag","embeddable":true,"href":"http:\/\/desarrollo.grupomedios.com\/futbol\/wp-json\/wp\/v2\/tags?post=505067"}],"curies":[{"name":"wp","href":"https:\/\/api.w.org\/{rel}","templated":true}]}}