{"id":505123,"date":"2017-10-17T09:23:15","date_gmt":"2017-10-17T14:23:15","guid":{"rendered":"https:\/\/www.futboltotal.com.mx\/?p=505123"},"modified":"2017-10-17T15:19:29","modified_gmt":"2017-10-17T20:19:29","slug":"raul-gudino-primer-portero-mexicano-en-jugar-champions-league","status":"publish","type":"post","link":"http:\/\/desarrollo.grupomedios.com\/futbol\/destacado-home\/raul-gudino-primer-portero-mexicano-en-jugar-champions-league\/2017\/10","title":{"rendered":"Ra\u00fal Gudi\u00f1o, primer portero mexicano en jugar Champions League"},"content":{"rendered":"<p>El guardameta mexicano de 21 a\u00f1os, <strong>Ra\u00fal Gudi\u00f1o<\/strong> hizo historia al convertirse en el primer portero mexicano en disputar un encuentro de <strong>Champions League<\/strong>, en donde su equipo, el <strong>APOEL<\/strong> enfrent\u00f3 al <strong>Borussia Dortmund<\/strong>.<\/p>\n<p>El guardameta ingres\u00f3 en la segunda parte del encuentro en el que el titular holand\u00e9s, <strong>Boy Waterman<\/strong>, sali\u00f3 lesionado y tuvo que ser sustituido por el mexicano, que al momento de ingresar ya hab\u00eda hecho historia en le balompi\u00e9 mexicano por ser el primer portero en lograr ingresar a un encuentro de Champions League.<\/p>\n<blockquote class=\"twitter-tweet\" data-lang=\"es\">\n<p dir=\"ltr\" lang=\"und\">45\u2018 &#8211; \u0391\u03bb\u03bb\u03b1\u03b3\u03ae\/Sub: \u039c\u03ad\u03c3\u03b1\/In <a href=\"https:\/\/twitter.com\/RaulGudino1?ref_src=twsrc%5Etfw\">@RaulGudino1<\/a>, \u03ad\u03be\u03c9\/out <a href=\"https:\/\/twitter.com\/hashtag\/Waterman?src=hash&amp;ref_src=twsrc%5Etfw\">#Waterman<\/a>. <a href=\"https:\/\/twitter.com\/hashtag\/apoelfclive?src=hash&amp;ref_src=twsrc%5Etfw\">#apoelfclive<\/a> <a href=\"https:\/\/twitter.com\/hashtag\/UCL?src=hash&amp;ref_src=twsrc%5Etfw\">#UCL<\/a> <a href=\"https:\/\/twitter.com\/hashtag\/APOvBVB?src=hash&amp;ref_src=twsrc%5Etfw\">#APOvBVB<\/a><\/p>\n<p>\u2014 APOEL FC (@apoelfcofficial) <a href=\"https:\/\/twitter.com\/apoelfcofficial\/status\/920371333418160128?ref_src=twsrc%5Etfw\">17 de octubre de 2017<\/a><\/p><\/blockquote>\n<p><script async src=\"\/\/platform.twitter.com\/widgets.js\" charset=\"utf-8\"><\/script><\/p>\n<p style=\"text-align: center;\"><a href=\"https:\/\/www.futboltotal.com.mx\/khedira-desata-la-guerra-fifa-pes-en-twitter\/2017\/10\/\" target=\"_blank\" rel=\"noopener\">VER M\u00c1S: Khedira desata guerra entre FIFA y PES en Twitter<\/a><\/p>\n<p>Fue en el <strong>minuto 45<\/strong> cuando\u00a0Waterman sufri\u00f3 una<strong> lesi\u00f3n en el hombro<\/strong>, por lo que el t\u00e9cnico le dio el ingreso al guardameta de 21 a\u00f1os para tener sus primeros minutos en el torneo de <strong>UEFA<\/strong>, que resulta el m\u00e1s importante a nivel de clubes.<\/p>\n<div id=\"attachment_505128\" style=\"width: 1209px\" class=\"wp-caption alignnone\"><img aria-describedby=\"caption-attachment-505128\" decoding=\"async\" loading=\"lazy\" class=\"wp-image-505128 size-full\" src=\"https:\/\/www.futboltotal.com.mx\/wp-content\/uploads\/2017\/10\/boy-waterman.jpg\" alt=\"El holand\u00e9s cedi\u00f3 su lugar al arquero mexicano\" srcset=\"http:\/\/desarrollo.grupomedios.com\/futbol\/wp-content\/uploads\/2017\/10\/boy-waterman.jpg 1199w, http:\/\/desarrollo.grupomedios.com\/futbol\/wp-content\/uploads\/2017\/10\/boy-waterman-300x213.jpg 300w, http:\/\/desarrollo.grupomedios.com\/futbol\/wp-content\/uploads\/2017\/10\/boy-waterman-768x545.jpg 768w, http:\/\/desarrollo.grupomedios.com\/futbol\/wp-content\/uploads\/2017\/10\/boy-waterman-1024x727.jpg 1024w\" sizes=\"(max-width: 1199px) 100vw, 1199px\" \/><p id=\"caption-attachment-505128\" class=\"wp-caption-text\">Boy Waterman sali\u00f3 lesionado, lo que permiti\u00f3 el ingreso de Ra\u00fal Gudi\u00f1o<\/p><\/div>\n<p>Con esto se convirti\u00f3 en el\u00a0vig\u00e9simo tercer mexicano que logra disputar la <strong>UEFA Champions League.<\/strong><\/p>\n<p style=\"text-align: center;\"><a href=\"https:\/\/www.futboltotal.com.mx\/real-madrid-barcelona-en-disputa-brasileno-sub-17\/2017\/10\/\" target=\"_blank\" rel=\"noopener\">VER M\u00c1S: Real Madrid y Barcelona, en disputa por brasile\u00f1o Sub 17<\/a><\/p>\n<p>&nbsp;<\/p>\n","protected":false},"excerpt":{"rendered":"<p>El guardameta de 21 a\u00f1os hizo su primer aparici\u00f3n en el torneo de UEFA<\/p>\n","protected":false},"author":159,"featured_media":505126,"comment_status":"closed","ping_status":"closed","sticky":false,"template":"","format":"standard","meta":[],"categories":[5,3839,2198],"tags":[7579,6047,36,4596],"_links":{"self":[{"href":"http:\/\/desarrollo.grupomedios.com\/futbol\/wp-json\/wp\/v2\/posts\/505123"}],"collection":[{"href":"http:\/\/desarrollo.grupomedios.com\/futbol\/wp-json\/wp\/v2\/posts"}],"about":[{"href":"http:\/\/desarrollo.grupomedios.com\/futbol\/wp-json\/wp\/v2\/types\/post"}],"author":[{"embeddable":true,"href":"http:\/\/desarrollo.grupomedios.com\/futbol\/wp-json\/wp\/v2\/users\/159"}],"replies":[{"embeddable":true,"href":"http:\/\/desarrollo.grupomedios.com\/futbol\/wp-json\/wp\/v2\/comments?post=505123"}],"version-history":[{"count":2,"href":"http:\/\/desarrollo.grupomedios.com\/futbol\/wp-json\/wp\/v2\/posts\/505123\/revisions"}],"predecessor-version":[{"id":505130,"href":"http:\/\/desarrollo.grupomedios.com\/futbol\/wp-json\/wp\/v2\/posts\/505123\/revisions\/505130"}],"wp:featuredmedia":[{"embeddable":true,"href":"http:\/\/desarrollo.grupomedios.com\/futbol\/wp-json\/wp\/v2\/media\/505126"}],"wp:attachment":[{"href":"http:\/\/desarrollo.grupomedios.com\/futbol\/wp-json\/wp\/v2\/media?parent=505123"}],"wp:term":[{"taxonomy":"category","embeddable":true,"href":"http:\/\/desarrollo.grupomedios.com\/futbol\/wp-json\/wp\/v2\/categories?post=505123"},{"taxonomy":"post_tag","embeddable":true,"href":"http:\/\/desarrollo.grupomedios.com\/futbol\/wp-json\/wp\/v2\/tags?post=505123"}],"curies":[{"name":"wp","href":"https:\/\/api.w.org\/{rel}","templated":true}]}}