{"id":505133,"date":"2017-10-17T15:20:53","date_gmt":"2017-10-17T20:20:53","guid":{"rendered":"https:\/\/www.futboltotal.com.mx\/?p=505133"},"modified":"2017-10-17T16:12:31","modified_gmt":"2017-10-17T21:12:31","slug":"rb-leipzig-3-porto-2-champions-league-resumen","status":"publish","type":"post","link":"http:\/\/desarrollo.grupomedios.com\/futbol\/destacado-home\/rb-leipzig-3-porto-2-champions-league-resumen\/2017\/10","title":{"rendered":"El Porto de los mexicanos cae ante el Leipzig"},"content":{"rendered":"<p>El <strong>RB Leipzig<\/strong> venci\u00f3 al <strong>Porto<\/strong> de los mexicanos en un encuentro con muchos goles que se defini\u00f3 en el primer tiempo por marcador de 3-2, que para la segunda mitad ya no se mover\u00eda; <strong>Lay\u00fan, Herrera y Corona<\/strong> vieron actividad dentro del encuentro dentro de este partido de fase de grupos de<strong> Champions League<\/strong>.<\/p>\n<p>Apenas a los 7 minutos, un error del guardameta de los Dragones, <strong>Jos\u00e9 S\u00e1<\/strong> fue aprovechado por <strong>Willi Orban<\/strong> quien solo tuvo que empujar el bal\u00f3n al fondo de la porter\u00eda y as\u00ed puso por encima del marcador a su conjunto. Sin embargo, apenas dur\u00f3 10 minutos la ventaja pues el delantero camerun\u00e9s, <strong>Vincent Aboubakar<\/strong> se encarg\u00f3 de emparejar los cartones con un gol de volea.<\/p>\n<p><iframe loading=\"lazy\" src=\"https:\/\/www.youtube.com\/embed\/6khDTXVahaQ?start=4&#038;feature=oembed\" frameborder=\"0\" allowfullscreen><\/iframe><\/p>\n<blockquote class=\"twitter-video\" data-lang=\"es\">\n<p dir=\"ltr\" lang=\"en\">&#x1f1e8;&#x1f1f2; The big man Vincent Aboubakar scores his 9th goal of the season and his 3rd in the UEFA Champions League! <a href=\"https:\/\/t.co\/d1Y0XkwJPH\">pic.twitter.com\/d1Y0XkwJPH<\/a><\/p>\n<p>\u2014 Mesfouf &amp; Koshary (@MesfoufKoshary) <a href=\"https:\/\/twitter.com\/MesfoufKoshary\/status\/920369984320270337?ref_src=twsrc%5Etfw\">17 de octubre de 2017<\/a><\/p><\/blockquote>\n<p><script async src=\"\/\/platform.twitter.com\/widgets.js\" charset=\"utf-8\"><\/script><\/p>\n<p>A los 37 minutos <strong>Frosberg<\/strong> ingres\u00f3 s\u00f3lo al \u00e1rea y logr\u00f3 deifinir de forma elegante para poner en ventaja a su escuadra. Apenas 3 minutos despu\u00e9s un error grosero por parte de<strong> Marcano<\/strong>, le dio la oportunidad a <strong>Augustin<\/strong> para poner el tercer gol para los de la Bundesliga y parec\u00eda que as\u00ed se ir\u00edan al descanso.<\/p>\n<p><iframe loading=\"lazy\" src=\"https:\/\/www.youtube.com\/embed\/M5P-fVXvAqk?feature=oembed\" frameborder=\"0\" allowfullscreen><\/iframe><\/p>\n<blockquote class=\"twitter-video\" data-lang=\"es\">\n<p dir=\"ltr\" lang=\"es\">Augustin, gu\u00e1rdatela. <a href=\"https:\/\/t.co\/L8QZ7qJvKm\">pic.twitter.com\/L8QZ7qJvKm<\/a><\/p>\n<p>\u2014 carla. (@Caarla1903) <a href=\"https:\/\/twitter.com\/Caarla1903\/status\/920374905119674369?ref_src=twsrc%5Etfw\">17 de octubre de 2017<\/a><\/p><\/blockquote>\n<p><script async src=\"\/\/platform.twitter.com\/widgets.js\" charset=\"utf-8\"><\/script><\/p>\n<blockquote class=\"twitter-video\" data-lang=\"es\">\n<p dir=\"ltr\" lang=\"fr\">Premier but de Jean-Kevin Augustin en Ligue des Champions ! <a href=\"https:\/\/t.co\/fhVWv2hpWo\">pic.twitter.com\/fhVWv2hpWo<\/a><\/p>\n<p>\u2014 ParisTeam (@Paristeamfr) <a href=\"https:\/\/twitter.com\/Paristeamfr\/status\/920380338119028736?ref_src=twsrc%5Etfw\">17 de octubre de 2017<\/a><\/p><\/blockquote>\n<p><script async src=\"\/\/platform.twitter.com\/widgets.js\" charset=\"utf-8\"><\/script><\/p>\n<p style=\"text-align: center;\"><a href=\"https:\/\/www.futboltotal.com.mx\/raul-gudino-primer-portero-mexicano-en-jugar-champions-league\/2017\/10\/\" target=\"_blank\" rel=\"noopener\">VER M\u00c1S: Ra\u00fal Gudi\u00f1o, primer portero mexicano en jugar Champions League<\/a><\/p>\n<p>Al minuto 43 un centro de esquina que puso en juego con la cabeza <strong>H\u00e9ctor Herrera<\/strong> fue mandado a las redes por <strong>Marcano<\/strong> y lograron acortar las distancias antes que se terminara la primera mitad, lo que daba esperanzas al conjunto portugu\u00e9s.<\/p>\n<p>En la segunda mitad Leipzig se dedic\u00f3 a monopolizar el esf\u00e9rico sabiendo que la necesidad estaba del lado de los <strong>Dragones,<\/strong> quienes por medio de <strong>Brahimi<\/strong> intentaron crear peligro en los costados. Sin embargo la jugada m\u00e1s peligrosa del segundo tiempo fue para el Leipzig, quien luego de un disparo de Augustin, el bal\u00f3n se incrustaba en el arco lentamente, sin embargo, Marcano sac\u00f3 en la l\u00ednea.<\/p>\n<p><iframe loading=\"lazy\" src=\"https:\/\/www.youtube.com\/embed\/avs_Vl3VUxs?feature=oembed\" frameborder=\"0\" allowfullscreen><\/iframe><\/p>\n<p>El Porto se diluy\u00f3 a pesar de la entrada de <strong>Hernani<\/strong> y J<strong>es\u00fas Corona<\/strong>, este \u00faltimo con un par de destellos por la banda izquierda pero sin lograr un centro que cerrara <strong>Marega<\/strong> o Aboubakar. As\u00ed se consum\u00f3 la derrota para los Dragones en calidad de visitante.<\/p>\n<p>Con esto el Porto lig\u00f3 su segunda derrota de la competici\u00f3n y se mantiene con 3 puntos dentro de su grupo; mientas que Leipzig lleg\u00f3 a 4 puntos luego de tres partidos disputados.<\/p>\n<p><strong>Miguel Lay\u00fan<\/strong> jug\u00f3 todo el encuentro, <strong>H\u00e9ctor Herrera<\/strong> vio acci\u00f3n por 81 minutos, mientras que <strong>Jes\u00fas Corona<\/strong> estuvo en el terreno durante 14 minutos y <strong>Diego Reyes<\/strong> se qued\u00f3 en la banca.<\/p>\n<p style=\"text-align: center;\"><a href=\"https:\/\/www.futboltotal.com.mx\/real-madrid-barcelona-en-disputa-brasileno-sub-17\/2017\/10\/\" target=\"_blank\" rel=\"noopener\">VER M\u00c1S: Real Madrid y Barcelona, en disputa por delantero brasile\u00f1o Sub 17<\/a><\/p>\n","protected":false},"excerpt":{"rendered":"<p>Tres de los mexicanos vieron minutos en el encuentro<\/p>\n","protected":false},"author":159,"featured_media":505145,"comment_status":"closed","ping_status":"closed","sticky":false,"template":"","format":"standard","meta":[],"categories":[5,3839],"tags":[36,5995,3770,1035,1208,7616],"_links":{"self":[{"href":"http:\/\/desarrollo.grupomedios.com\/futbol\/wp-json\/wp\/v2\/posts\/505133"}],"collection":[{"href":"http:\/\/desarrollo.grupomedios.com\/futbol\/wp-json\/wp\/v2\/posts"}],"about":[{"href":"http:\/\/desarrollo.grupomedios.com\/futbol\/wp-json\/wp\/v2\/types\/post"}],"author":[{"embeddable":true,"href":"http:\/\/desarrollo.grupomedios.com\/futbol\/wp-json\/wp\/v2\/users\/159"}],"replies":[{"embeddable":true,"href":"http:\/\/desarrollo.grupomedios.com\/futbol\/wp-json\/wp\/v2\/comments?post=505133"}],"version-history":[{"count":1,"href":"http:\/\/desarrollo.grupomedios.com\/futbol\/wp-json\/wp\/v2\/posts\/505133\/revisions"}],"predecessor-version":[{"id":505148,"href":"http:\/\/desarrollo.grupomedios.com\/futbol\/wp-json\/wp\/v2\/posts\/505133\/revisions\/505148"}],"wp:featuredmedia":[{"embeddable":true,"href":"http:\/\/desarrollo.grupomedios.com\/futbol\/wp-json\/wp\/v2\/media\/505145"}],"wp:attachment":[{"href":"http:\/\/desarrollo.grupomedios.com\/futbol\/wp-json\/wp\/v2\/media?parent=505133"}],"wp:term":[{"taxonomy":"category","embeddable":true,"href":"http:\/\/desarrollo.grupomedios.com\/futbol\/wp-json\/wp\/v2\/categories?post=505133"},{"taxonomy":"post_tag","embeddable":true,"href":"http:\/\/desarrollo.grupomedios.com\/futbol\/wp-json\/wp\/v2\/tags?post=505133"}],"curies":[{"name":"wp","href":"https:\/\/api.w.org\/{rel}","templated":true}]}}