{"id":505161,"date":"2017-10-17T17:43:37","date_gmt":"2017-10-17T22:43:37","guid":{"rendered":"https:\/\/www.futboltotal.com.mx\/?p=505161"},"modified":"2017-10-17T17:43:37","modified_gmt":"2017-10-17T22:43:37","slug":"raul-jimenez-benfica-reciben-al-manchester-united-en-champions","status":"publish","type":"post","link":"http:\/\/desarrollo.grupomedios.com\/futbol\/futbol-internacional\/raul-jimenez-benfica-reciben-al-manchester-united-en-champions\/2017\/10","title":{"rendered":"Ra\u00fal Jim\u00e9nez y Benfica reciben al Manchester United en Champions"},"content":{"rendered":"<p><strong>Ra\u00fal Jim\u00e9nez<\/strong> y <strong>Benfica<\/strong> reciben al <strong>Manchester United<\/strong> en la<strong> Champions League<\/strong> este mi\u00e9rcoles 18 de octubre a las 13:45 hrs en partido que se disputar\u00e1 en el <strong>estadio Da Luz<\/strong> en <strong>Lisboa<\/strong>, <strong>Portugal<\/strong>.<\/p>\n<p>El equipo de las <strong>\u00c1guilas<\/strong> jugar\u00e1 su tercer partido en el certamen europeo y buscan corregir el rumbo luego de la <span style=\"color: #3366ff;\"><a href=\"https:\/\/www.futboltotal.com.mx\/benfica-jimenez-cae-ante-cska-en-champions-league\/2017\/09\/\" target=\"_blank\" rel=\"noopener\">derrota en casa ante el CSK Mosc\u00fa<\/a><\/span> y la <span style=\"color: #3366ff;\"><a href=\"https:\/\/www.futboltotal.com.mx\/cronica-resultados-basilea-5-0-benfica-uefa-champions-league\/2017\/09\/\">goleada sufrida ante el Basel en Suiza<\/a><\/span>. Es por ello que el conjunto portugu\u00e9s tendr\u00e1 que ganar el partido ante los ingleses si quieren mantener vivas sus aspiraciones dentro del certamen.<\/p>\n<p style=\"text-align: center;\"><span style=\"color: #3366ff;\"><a href=\"https:\/\/www.futboltotal.com.mx\/rb-leipzig-3-porto-2-champions-league-resumen\/2017\/10\/\">VER M\u00c1S: El Porto de los mexicanos cae ante el Leipzig<\/a><\/span><\/p>\n<p>&#8220;Los valores que tenemos son superiores a los resultados que hemos tenido. Tenemos capacidad para hacer las cosas mejores y tendremos mucha exigencia ante el Manchester United, que es uno de los clubes m\u00e1s grandes de Europa&#8221;, dijo en conferencia previa al partido, el t\u00e9cnico <strong>Rui Vit\u00f3ria<\/strong>.<\/p>\n<p>El Benfica tendr\u00e1\u00a0 la dif\u00edcil misi\u00f3n de enfrentar a los <strong>Red Devils<\/strong>, que son l\u00edderes del <strong>Grupo A<\/strong> con seis puntos, producto de un triunfo ante el <strong>Basel<\/strong> y una goleada como visitante al <strong>CSK<\/strong>.<\/p>\n<p>https:\/\/twitter.com\/ManUtd_Es\/status\/920316830090133504<\/p>\n<p>Los dirigidos por <strong>Jos\u00e9 Mourinho<\/strong> buscar\u00e1n asegurar cuanto antes la clasificaci\u00f3n a los <strong>Octavos de Final<\/strong> y buscar\u00e1n ganar a los lusitanos, aunque el t\u00e9cnico de los de Manchester saben de la peligrosidad del rival.<\/p>\n<p>&#8220;Nuestro \u00fanico objetivo es clasificar. Este partido lo trataremos de ir y ganar. El Benfica ser\u00e1 un rival complicado para nosotros. Sus resultados no son el indicador real. Tienen un buen equipo&#8221;, coment\u00f3 Mou.<\/p>\n<h4>Ra\u00fal Jim\u00e9nez quiere aprovechar su oportunidad<\/h4>\n<p>Para este partido se espera que el mexicano Ra\u00fal Jim\u00e9nez pueda tener actividad, pues el mexicano fue convocado por Rui Vitoria y en los encuentros anteriores de las \u00c1guilas ha ingresado de cambio, aunque lamentablemente no ha podido marcar.<\/p>\n<p style=\"text-align: center;\"><span style=\"color: #3366ff;\"><a href=\"https:\/\/www.futboltotal.com.mx\/raul-gudino-primer-portero-mexicano-en-jugar-champions-league\/2017\/10\/\">VER M\u00c1S: Ra\u00fal Gudi\u00f1o, primer portero mexicano en jugar Champions League<\/a><\/span><\/p>\n<p>La temporada ha sido complicada para Jim\u00e9nez, pues el mexicano apenas ha marcado un gol con el Benfica en la <strong>temporada 2017-18<\/strong> y fue en la <strong>Copa de Portugal<\/strong> ante el <strong>Vitoria Guimaraes<\/strong>. El \u00faltimo gol que el atacante azteca marc\u00f3 en la Champions League fue ante el <strong>Napoli<\/strong> en la <strong>Fase de Grupos<\/strong> de la edici\u00f3n 2016-17.<\/p>\n<p><strong>Posibles alineaciones:<\/strong><\/p>\n<p><strong>Benfica:<\/strong> J\u00falio C\u00e9sar, Luisao, Andr\u00e9 Almeida, Jardel, Alex Grimaldo, Fejsa, Pizzi, Salvio, Cervi, Jonas y Jim\u00e9nez.<\/p>\n<p><strong>Entrenador:<\/strong> Rui Vit\u00f3ria<\/p>\n<p><strong>Manchester United:<\/strong> De Gea, Valencia, Darmian, Smalling, Jones, Young, Matic, Mkhitaryan, Ander Herrera, Lukaku y Martial.<\/p>\n<p><strong>Entrenador:<\/strong> Jos\u00e9 Mourinho<\/p>\n<p><strong>Estadio:<\/strong> Da Luz.<\/p>\n","protected":false},"excerpt":{"rendered":"<p>El mexicano buscar\u00e1 otra oportunidad cuando las \u00c1guilas reciban a los Red Devils.<\/p>\n","protected":false},"author":129,"featured_media":505202,"comment_status":"closed","ping_status":"closed","sticky":false,"template":"","format":"standard","meta":[],"categories":[3839],"tags":[1585,6060,10673,36,5000,10674,288,1148,43,7854,6104,715,742,982,6648],"_links":{"self":[{"href":"http:\/\/desarrollo.grupomedios.com\/futbol\/wp-json\/wp\/v2\/posts\/505161"}],"collection":[{"href":"http:\/\/desarrollo.grupomedios.com\/futbol\/wp-json\/wp\/v2\/posts"}],"about":[{"href":"http:\/\/desarrollo.grupomedios.com\/futbol\/wp-json\/wp\/v2\/types\/post"}],"author":[{"embeddable":true,"href":"http:\/\/desarrollo.grupomedios.com\/futbol\/wp-json\/wp\/v2\/users\/129"}],"replies":[{"embeddable":true,"href":"http:\/\/desarrollo.grupomedios.com\/futbol\/wp-json\/wp\/v2\/comments?post=505161"}],"version-history":[{"count":1,"href":"http:\/\/desarrollo.grupomedios.com\/futbol\/wp-json\/wp\/v2\/posts\/505161\/revisions"}],"predecessor-version":[{"id":505203,"href":"http:\/\/desarrollo.grupomedios.com\/futbol\/wp-json\/wp\/v2\/posts\/505161\/revisions\/505203"}],"wp:featuredmedia":[{"embeddable":true,"href":"http:\/\/desarrollo.grupomedios.com\/futbol\/wp-json\/wp\/v2\/media\/505202"}],"wp:attachment":[{"href":"http:\/\/desarrollo.grupomedios.com\/futbol\/wp-json\/wp\/v2\/media?parent=505161"}],"wp:term":[{"taxonomy":"category","embeddable":true,"href":"http:\/\/desarrollo.grupomedios.com\/futbol\/wp-json\/wp\/v2\/categories?post=505161"},{"taxonomy":"post_tag","embeddable":true,"href":"http:\/\/desarrollo.grupomedios.com\/futbol\/wp-json\/wp\/v2\/tags?post=505161"}],"curies":[{"name":"wp","href":"https:\/\/api.w.org\/{rel}","templated":true}]}}