{"id":505232,"date":"2017-10-18T11:34:16","date_gmt":"2017-10-18T16:34:16","guid":{"rendered":"https:\/\/www.futboltotal.com.mx\/?p=505232"},"modified":"2017-10-18T12:47:24","modified_gmt":"2017-10-18T17:47:24","slug":"dia-diablo-mayor-jose-cardozo-se-vistio-tuzo","status":"publish","type":"post","link":"http:\/\/desarrollo.grupomedios.com\/futbol\/futbol-mexicano\/dia-diablo-mayor-jose-cardozo-se-vistio-tuzo\/2017\/10","title":{"rendered":"El d\u00eda que el Diablo Mayor, Jos\u00e9 Cardozo, se visti\u00f3 de Tuzo"},"content":{"rendered":"<p><strong>Jos\u00e9 Saturnino Cardozo<\/strong> es recordado en el futbol mexicano por su \u00e9poca como goleador en los <strong>Diablos Rojos<\/strong> del <strong>Toluca<\/strong>, pero la camiseta de los <strong>escarlatas<\/strong> no es la \u00fanica que visti\u00f3 el paraguayo.<\/p>\n<p>Luego de que en la<strong> Copa Libertadores<\/strong>, el <strong>Pr\u00edncipe Guaran\u00ed<\/strong> fuera parte del equipo de <strong>Cruz Azul<\/strong> que cay\u00f3 en la <strong>Final<\/strong> ante <strong>Boca Juniors<\/strong>, cuatro a\u00f1os m\u00e1s tarde el equipo de<strong> Pachuca<\/strong> quiso repetir la ocasi\u00f3n.<\/p>\n<p style=\"text-align: center;\"><span style=\"color: #3366ff;\"><a href=\"https:\/\/www.futboltotal.com.mx\/la-cartera-chivas-vence-al-america-valen-sus-planteles\/2017\/10\/\">VER M\u00c1S: La cartera de Chivas vence al Am\u00e9rica: Esto valen sus planteles<\/a><\/span><\/p>\n<p>[video_player]https:\/\/player.vimeo.com\/external\/238606147.hd.mp4?s=4627010d3df5d4e9513b6016069641df77e6ffd0&amp;profile_id=174[\/video_player]<\/p>\n<p>Y es que la directiva de los <strong>Tuzos<\/strong> solicit\u00f3 a Toluca que prestara a Cardozo y el<strong> Diablo Mayor<\/strong> se junt\u00f3 a <strong>Dar\u00edo Ver\u00f3n<\/strong>, entonces de <strong>Pumas<\/strong> y <strong>Rodrigo Pony Ru\u00edz<\/strong>, que militaba para Santos y as\u00ed buscar hacer historia en el certamen sudamericano.<\/p>\n<p>Pero la suerte no estuvo del lado del equipo hidalguense, pues en los<strong> Octavos de Final<\/strong> de la <strong>Libertadores 2005<\/strong> se enfrentaron a las <strong>Chivas<\/strong> y el equipo del <strong>Reba\u00f1o<\/strong> los dej\u00f3 eliminados, dejando en el olvido la participaci\u00f3n de Cardozo y los dem\u00e1s con la camiseta de los Tuzos.<\/p>\n","protected":false},"excerpt":{"rendered":"<p>El Pr\u00ednicipe Guaran\u00ed e \u00eddolo del Toluca fue refuerzo del Pachuca.<\/p>\n","protected":false},"author":129,"featured_media":505235,"comment_status":"closed","ping_status":"closed","sticky":false,"template":"","format":"standard","meta":[],"categories":[7570,2198,3845],"tags":[70,1396,5962,1328,443,3883,3642,64,5968,10682,5975,73],"_links":{"self":[{"href":"http:\/\/desarrollo.grupomedios.com\/futbol\/wp-json\/wp\/v2\/posts\/505232"}],"collection":[{"href":"http:\/\/desarrollo.grupomedios.com\/futbol\/wp-json\/wp\/v2\/posts"}],"about":[{"href":"http:\/\/desarrollo.grupomedios.com\/futbol\/wp-json\/wp\/v2\/types\/post"}],"author":[{"embeddable":true,"href":"http:\/\/desarrollo.grupomedios.com\/futbol\/wp-json\/wp\/v2\/users\/129"}],"replies":[{"embeddable":true,"href":"http:\/\/desarrollo.grupomedios.com\/futbol\/wp-json\/wp\/v2\/comments?post=505232"}],"version-history":[{"count":3,"href":"http:\/\/desarrollo.grupomedios.com\/futbol\/wp-json\/wp\/v2\/posts\/505232\/revisions"}],"predecessor-version":[{"id":505300,"href":"http:\/\/desarrollo.grupomedios.com\/futbol\/wp-json\/wp\/v2\/posts\/505232\/revisions\/505300"}],"wp:featuredmedia":[{"embeddable":true,"href":"http:\/\/desarrollo.grupomedios.com\/futbol\/wp-json\/wp\/v2\/media\/505235"}],"wp:attachment":[{"href":"http:\/\/desarrollo.grupomedios.com\/futbol\/wp-json\/wp\/v2\/media?parent=505232"}],"wp:term":[{"taxonomy":"category","embeddable":true,"href":"http:\/\/desarrollo.grupomedios.com\/futbol\/wp-json\/wp\/v2\/categories?post=505232"},{"taxonomy":"post_tag","embeddable":true,"href":"http:\/\/desarrollo.grupomedios.com\/futbol\/wp-json\/wp\/v2\/tags?post=505232"}],"curies":[{"name":"wp","href":"https:\/\/api.w.org\/{rel}","templated":true}]}}