{"id":505278,"date":"2017-10-18T08:54:39","date_gmt":"2017-10-18T13:54:39","guid":{"rendered":"https:\/\/www.futboltotal.com.mx\/?p=505278"},"modified":"2017-10-18T09:23:41","modified_gmt":"2017-10-18T14:23:41","slug":"florentino-perez-no-contempla-una-liga-sin-barcelona","status":"publish","type":"post","link":"http:\/\/desarrollo.grupomedios.com\/futbol\/futbol-internacional\/florentino-perez-no-contempla-una-liga-sin-barcelona\/2017\/10","title":{"rendered":"Florentino P\u00e9rez no contempla &#8220;una liga sin el Barcelona&#8221;"},"content":{"rendered":"<p><em><strong>POR: EFE<\/strong><\/em><\/p>\n<p>El presidente del <a href=\"https:\/\/www.futboltotal.com.mx\/real-madrid-1-1-tottenham-hotspur-champions-league-resumen-navas-lloris\/2017\/10\/\" target=\"_blank\" rel=\"noopener\"><span style=\"color: #333399;\"><strong>Real Madrid<\/strong><\/span><\/a>, <strong>Florentino P\u00e9rez<\/strong>, conf\u00eda en que la crisis catalana se resuelva pronto y no contempla &#8220;una Liga sin el <a href=\"https:\/\/www.futboltotal.com.mx\/fc-barcelona-vs-olympiacos-champions-league-previo\/2017\/10\/\" target=\"_blank\" rel=\"noopener\"><span style=\"color: #333399;\"><strong>Barcelona<\/strong><\/span><\/a>&#8220;.<\/p>\n<p>En una entrevista con El Espa\u00f1ol, en la que adem\u00e1s ha comentado la gesti\u00f3n del franc\u00e9s <strong>Zinedine Zidane<\/strong> al frente del equipo y el momento dif\u00edcil que est\u00e1 viviendo el gal\u00e9s <strong>Gareth Bale<\/strong>, el dirigente del club blanco ha dicho que conf\u00eda &#8220;en el Gobierno y en los partidos constitucionalistas&#8221; para zanjar un problema que se resolver\u00e1 &#8220;con el apoyo de la mayor\u00eda de la gente&#8221;.<\/p>\n<p>Sobre la posibilidad de que la el Barcelona abandonase <strong>LaLiga<\/strong> si <strong>Catalu\u00f1a<\/strong> se declarase independiente, Florentino P\u00e9rez ha manifestado que no contempla &#8220;ni una Espa\u00f1a sin Catalu\u00f1a, ni una Liga sin el Bar\u00e7a&#8221;.<\/p>\n<p><a href=\"https:\/\/www.futboltotal.com.mx\/manchester-city-esta-listo-fichar-a-lionel-messi\/2017\/10\/\" target=\"_blank\" rel=\"noopener\"><span style=\"color: #333399;\">VER M\u00c1S: Manchester City est\u00e1 listo para fichar a Lionel Messi<\/span><\/a><\/p>\n<p>En cuanto a lo deportivo, considera que la llegada de Zidane al club &#8220;transform\u00f3 el futuro del Real Madrid&#8221;. &#8220;Hoy nadie duda de que es el mejor entrenador del mundo&#8221;, ha dicho.<\/p>\n<p>Adem\u00e1s, ha hablado tambi\u00e9n del dif\u00edcil momento que est\u00e1 viviendo Bale debido a las lesiones.<\/p>\n<p>&#8220;Creo que \u00e9l tiene muchas ganas, el entrenador tambi\u00e9n, y creo que vamos a pasar esta \u00e9poca. Sobre todo el pobre Gareth, que est\u00e1 un poquito desesperado, pero tiene todav\u00eda una gran moral&#8221;, ha comentado.<\/p>\n","protected":false},"excerpt":{"rendered":"<p>El presidente del Real Madrid no quiere una Liga sin su archirrival.<\/p>\n","protected":false},"author":154,"featured_media":505279,"comment_status":"closed","ping_status":"closed","sticky":false,"template":"","format":"standard","meta":[],"categories":[3839,3844],"tags":[5984,2309,491,6043,6114,5988,2215],"_links":{"self":[{"href":"http:\/\/desarrollo.grupomedios.com\/futbol\/wp-json\/wp\/v2\/posts\/505278"}],"collection":[{"href":"http:\/\/desarrollo.grupomedios.com\/futbol\/wp-json\/wp\/v2\/posts"}],"about":[{"href":"http:\/\/desarrollo.grupomedios.com\/futbol\/wp-json\/wp\/v2\/types\/post"}],"author":[{"embeddable":true,"href":"http:\/\/desarrollo.grupomedios.com\/futbol\/wp-json\/wp\/v2\/users\/154"}],"replies":[{"embeddable":true,"href":"http:\/\/desarrollo.grupomedios.com\/futbol\/wp-json\/wp\/v2\/comments?post=505278"}],"version-history":[{"count":2,"href":"http:\/\/desarrollo.grupomedios.com\/futbol\/wp-json\/wp\/v2\/posts\/505278\/revisions"}],"predecessor-version":[{"id":505288,"href":"http:\/\/desarrollo.grupomedios.com\/futbol\/wp-json\/wp\/v2\/posts\/505278\/revisions\/505288"}],"wp:featuredmedia":[{"embeddable":true,"href":"http:\/\/desarrollo.grupomedios.com\/futbol\/wp-json\/wp\/v2\/media\/505279"}],"wp:attachment":[{"href":"http:\/\/desarrollo.grupomedios.com\/futbol\/wp-json\/wp\/v2\/media?parent=505278"}],"wp:term":[{"taxonomy":"category","embeddable":true,"href":"http:\/\/desarrollo.grupomedios.com\/futbol\/wp-json\/wp\/v2\/categories?post=505278"},{"taxonomy":"post_tag","embeddable":true,"href":"http:\/\/desarrollo.grupomedios.com\/futbol\/wp-json\/wp\/v2\/tags?post=505278"}],"curies":[{"name":"wp","href":"https:\/\/api.w.org\/{rel}","templated":true}]}}