{"id":505286,"date":"2017-10-18T16:35:30","date_gmt":"2017-10-18T21:35:30","guid":{"rendered":"https:\/\/www.futboltotal.com.mx\/?p=505286"},"modified":"2017-10-18T21:02:12","modified_gmt":"2017-10-19T02:02:12","slug":"santos-vs-necaxa-liga-mx-en-vivo-minuto-a-minuto","status":"publish","type":"post","link":"http:\/\/desarrollo.grupomedios.com\/futbol\/futbol-mexicano\/santos-vs-necaxa-liga-mx-en-vivo-minuto-a-minuto\/2017\/10","title":{"rendered":"Santos vs Necaxa | Liga MX | EN VIVO: Minuto a minuto"},"content":{"rendered":"<p>La pendiente <strong>Jornada 10<\/strong> del <strong>Apertura 2017<\/strong> se jugar\u00e1 en Torre\u00f3n con el duelo <strong>Santos vs Necaxa<\/strong> este mi\u00e9rcoles 18 de octubre en punto de las 19:00 horas, duelo al que los <strong>Rayos<\/strong> llegan como ligeros favoritos ante el andar irregular de los <strong>Guerreros<\/strong> en la presente Liga MX.<\/p>\n<iframe src=\"https:\/\/en-vivo.futboltotal.com.mx\/embed.php\/?id=355\" width=\"100%\" id=\"frame_minuto\"><\/iframe>\n<p>El cuadro lagunero del t\u00e9cnico <strong>Robert Dante Siboldi<\/strong>, quien lleg\u00f3 al equipo en sustituci\u00f3n de <strong>Jos\u00e9 Manuel de la Torre<\/strong>, espera que sus jugadores muestren un mejor accionar ante los Rayos en comparaci\u00f3n con lo hecho ante <strong>Atlas<\/strong>, partido que acab\u00f3 con apretado triunfo de los <strong>Zorros<\/strong>.<\/p>\n<p>&nbsp;<\/p>\n","protected":false},"excerpt":{"rendered":"<p>Guerreros y Rayos disputar\u00e1n los tres puntos en punto de las 19:00 horas.<\/p>\n","protected":false},"author":154,"featured_media":505292,"comment_status":"closed","ping_status":"closed","sticky":false,"template":"","format":"standard","meta":[],"categories":[2198,3845],"tags":[8357,10688,738,1508,64,261,263,174],"_links":{"self":[{"href":"http:\/\/desarrollo.grupomedios.com\/futbol\/wp-json\/wp\/v2\/posts\/505286"}],"collection":[{"href":"http:\/\/desarrollo.grupomedios.com\/futbol\/wp-json\/wp\/v2\/posts"}],"about":[{"href":"http:\/\/desarrollo.grupomedios.com\/futbol\/wp-json\/wp\/v2\/types\/post"}],"author":[{"embeddable":true,"href":"http:\/\/desarrollo.grupomedios.com\/futbol\/wp-json\/wp\/v2\/users\/154"}],"replies":[{"embeddable":true,"href":"http:\/\/desarrollo.grupomedios.com\/futbol\/wp-json\/wp\/v2\/comments?post=505286"}],"version-history":[{"count":3,"href":"http:\/\/desarrollo.grupomedios.com\/futbol\/wp-json\/wp\/v2\/posts\/505286\/revisions"}],"predecessor-version":[{"id":505312,"href":"http:\/\/desarrollo.grupomedios.com\/futbol\/wp-json\/wp\/v2\/posts\/505286\/revisions\/505312"}],"wp:featuredmedia":[{"embeddable":true,"href":"http:\/\/desarrollo.grupomedios.com\/futbol\/wp-json\/wp\/v2\/media\/505292"}],"wp:attachment":[{"href":"http:\/\/desarrollo.grupomedios.com\/futbol\/wp-json\/wp\/v2\/media?parent=505286"}],"wp:term":[{"taxonomy":"category","embeddable":true,"href":"http:\/\/desarrollo.grupomedios.com\/futbol\/wp-json\/wp\/v2\/categories?post=505286"},{"taxonomy":"post_tag","embeddable":true,"href":"http:\/\/desarrollo.grupomedios.com\/futbol\/wp-json\/wp\/v2\/tags?post=505286"}],"curies":[{"name":"wp","href":"https:\/\/api.w.org\/{rel}","templated":true}]}}