{"id":505369,"date":"2017-10-18T15:27:17","date_gmt":"2017-10-18T20:27:17","guid":{"rendered":"https:\/\/www.futboltotal.com.mx\/?p=505369"},"modified":"2017-10-18T16:49:22","modified_gmt":"2017-10-18T21:49:22","slug":"hugo-sanchez-exige-var-en-la-liga-mx","status":"publish","type":"post","link":"http:\/\/desarrollo.grupomedios.com\/futbol\/futbol-mexicano\/hugo-sanchez-exige-var-en-la-liga-mx\/2017\/10","title":{"rendered":"Hugo S\u00e1nchez exige el VAR en la Liga MX"},"content":{"rendered":"<p><strong>POR: EFE<\/strong><\/p>\n<p>El ex futbolista mexicano <strong>Hugo S\u00e1nchez<\/strong> urgi\u00f3 el uso del <strong>VAR<\/strong> en la <strong>Liga MX<\/strong> tras el <span style=\"color: #3366ff;\"><a href=\"https:\/\/www.futboltotal.com.mx\/queretaro-1-cruz-azul-2-liga-mx-apertura-2017-resumen\/2017\/10\/\">partido entre los Gallos del Quer\u00e9taro, que perdieron por 1-2 ante el Cruz Azul<\/a><\/span>, en el que el \u00e1rbitro marc\u00f3 cuatro penaltis.<\/p>\n<p>En el encuentro, por la d\u00e9cima jornada del <strong>Apertura<\/strong> mexicano, tres goles fueron producto de penaltis, dos para los visitantes y uno para los de casa, adem\u00e1s hubo otra pena m\u00e1xima que fall\u00f3 el equipo celeste.<\/p>\n<p style=\"text-align: center;\"><span style=\"color: #3366ff;\"><a href=\"https:\/\/www.futboltotal.com.mx\/hugo-sanchez-revela-vivio-juego-amanado-america\/2017\/10\/\">VER M\u00c1S: Hugo S\u00e1nchez revela que vivi\u00f3 juego ama\u00f1ado con Am\u00e9rica<\/a><\/span><\/p>\n<p>&#8220;El VAR (Asistencia Arbitral de V\u00eddeo) les puede ayudar y urge&#8221;, dijo <em>Hugol<\/em>\u00a0a los directivos de la <strong>Federaci\u00f3n Mexicana de F\u00fatbo<\/strong>l en su participaci\u00f3n en &#8220;A lo macho&#8221;, que transmite la cadena <em>ESPN<\/em>.<\/p>\n<p>&#8220;Federativos, due\u00f1os de los equipos y televisoras, pongan dinero, colaboren, contribuyan, el arbitraje mexicano necesita el apoyo del VAR&#8221;, reforz\u00f3.<\/p>\n<p>S\u00e1nchez explic\u00f3 que la <strong>Comisi\u00f3n de \u00c1rbitros<\/strong>, que dirige el excolegiado Arturo Brizio, tendr\u00e1 que &#8220;trabajar horas extras&#8221; porque el medio futbol\u00edstico &#8220;est\u00e1 dudando&#8221; del arbitraje mexicano.<\/p>\n<p>Casi en cada jornada del actual Apertura los equipos han se\u00f1alado errores y malas decisiones de los \u00e1rbitros, que han incidido en los resultados.<\/p>\n<p style=\"text-align: center;\"><span style=\"color: #3366ff;\"><a href=\"https:\/\/www.futboltotal.com.mx\/dia-diablo-mayor-jose-cardozo-se-vistio-tuzo\/2017\/10\/\">VER M\u00c1S: El d\u00eda que el Diablo Mayor, Jos\u00e9 Cardozo, se visti\u00f3 de Tuzo<\/a><\/span><\/p>\n","protected":false},"excerpt":{"rendered":"<p>El Pentapichichi asegura que no pueden seguir as\u00ed en la Liga MX.<\/p>\n","protected":false},"author":129,"featured_media":471214,"comment_status":"closed","ping_status":"closed","sticky":false,"template":"","format":"standard","meta":[],"categories":[2198,3845],"tags":[8357,5962,3883,448,64,5970,9078],"_links":{"self":[{"href":"http:\/\/desarrollo.grupomedios.com\/futbol\/wp-json\/wp\/v2\/posts\/505369"}],"collection":[{"href":"http:\/\/desarrollo.grupomedios.com\/futbol\/wp-json\/wp\/v2\/posts"}],"about":[{"href":"http:\/\/desarrollo.grupomedios.com\/futbol\/wp-json\/wp\/v2\/types\/post"}],"author":[{"embeddable":true,"href":"http:\/\/desarrollo.grupomedios.com\/futbol\/wp-json\/wp\/v2\/users\/129"}],"replies":[{"embeddable":true,"href":"http:\/\/desarrollo.grupomedios.com\/futbol\/wp-json\/wp\/v2\/comments?post=505369"}],"version-history":[{"count":2,"href":"http:\/\/desarrollo.grupomedios.com\/futbol\/wp-json\/wp\/v2\/posts\/505369\/revisions"}],"predecessor-version":[{"id":505406,"href":"http:\/\/desarrollo.grupomedios.com\/futbol\/wp-json\/wp\/v2\/posts\/505369\/revisions\/505406"}],"wp:featuredmedia":[{"embeddable":true,"href":"http:\/\/desarrollo.grupomedios.com\/futbol\/wp-json\/wp\/v2\/media\/471214"}],"wp:attachment":[{"href":"http:\/\/desarrollo.grupomedios.com\/futbol\/wp-json\/wp\/v2\/media?parent=505369"}],"wp:term":[{"taxonomy":"category","embeddable":true,"href":"http:\/\/desarrollo.grupomedios.com\/futbol\/wp-json\/wp\/v2\/categories?post=505369"},{"taxonomy":"post_tag","embeddable":true,"href":"http:\/\/desarrollo.grupomedios.com\/futbol\/wp-json\/wp\/v2\/tags?post=505369"}],"curies":[{"name":"wp","href":"https:\/\/api.w.org\/{rel}","templated":true}]}}