{"id":505492,"date":"2017-10-19T09:34:13","date_gmt":"2017-10-19T14:34:13","guid":{"rendered":"https:\/\/www.futboltotal.com.mx\/?p=505492"},"modified":"2017-10-19T09:34:13","modified_gmt":"2017-10-19T14:34:13","slug":"antonio-conte-mourinho-inician-guerra-declaraciones","status":"publish","type":"post","link":"http:\/\/desarrollo.grupomedios.com\/futbol\/futbol-internacional\/antonio-conte-mourinho-inician-guerra-declaraciones\/2017\/10","title":{"rendered":"Antonio Conte y Mourinho inician guerra de declaraciones"},"content":{"rendered":"<p><strong>POR: STAFF FT<\/strong><\/p>\n<p>El entrenador del <strong>Chelsea<\/strong>,\u00a0<b>Antonio Conte,\u00a0<\/b>le regres\u00f3 un dardo al estratega del <strong>Manchester United<\/strong>,\u00a0<b>Jos\u00e9 Mourinho,\u00a0<\/b>con lo que se inici\u00f3 una guerra de declaraciones entre ambos estrategas, con respecto a los lesionados que ha tenido cada equipo esta temporada y que le ha significado un problema para completar el plantel debido al calendario.<\/p>\n<p>Luego de la victoria que lograron los Red Devils ante el <strong>Benfica<\/strong> por la m\u00ednima diferencia en <strong>Champions League<\/strong>, el estratega portugu\u00e9s tir\u00f3 una declaraci\u00f3n que hizo eco en Stamford Bridge, pues habl\u00f3 de c\u00f3mo el DT italiano se quej\u00f3 la semana pasada del calendario cargado y el elevado n\u00famero de lesionados (<strong>Kant\u00e9, Drinkwater, Moses y Morata<\/strong>).<\/p>\n<p style=\"text-align: center;\"><a href=\"https:\/\/www.futboltotal.com.mx\/neymar-desea-ser-el-messi-de-mbappe\/2017\/10\/\" target=\"_blank\" rel=\"noopener\">VER M\u00c1S: Neymar desea ser el &#8216;Messi&#8217; de Mbapp\u00e9<\/a><\/p>\n<p>&#8220;Yo no hablo nunca de lesiones.\u00a0<b>Otros entrenadores lloran y lloran cuando un jugador se lesiona<\/b>. Si quisiera podr\u00eda llorar cinco minutos como otros&#8221;, declar\u00f3 Mourinho en conferencia de prensa, enumerando a sus futbolistas lesionados (<strong>Ibrahimovic, Fellaini, Pogba y Rojo<\/strong>).<\/p>\n<p>Sin embargo, Conte no tard\u00f3 en responderle y pedirle que se ocupe en su escuadra y no se fije en su ex equipo, pues antes del italiano Mourinho era el estratega encargado de manejar los hilos del cuadro Blue.<\/p>\n<p>&#8220;Si eso iba dirigido a m\u00ed, la respuesta es esta:\u00a0<b>\u00e9l debe pensar primero en su equipo y en \u00e9l mismo antes de pensar en los dem\u00e1s<\/b>&#8220;, dijo el italiano.<\/p>\n<p>&#8220;Mourinho se fija a menudo en lo que pasa en el Chelsea. La temporada pasada tambi\u00e9n. Deber\u00eda mirar lo que pasa en su equipo&#8221;, concluy\u00f3 Conte.<\/p>\n<p style=\"text-align: center;\"><a href=\"https:\/\/www.futboltotal.com.mx\/lionel-messi-toma-algo-media-lo-lleva-a-la-boca\/2017\/10\/\" target=\"_blank\" rel=\"noopener\">VER M\u00c1S: \u00bfDe qu\u00e9 era la pastilla que tom\u00f3 Messi durante partido de Champions?<\/a><\/p>\n<div class=\"body is-zoomable\">\n<p>&nbsp;<\/p>\n<\/div>\n","protected":false},"excerpt":{"rendered":"<p>Ambos estrategas tienen un aut\u00e9ntico hospital en sus equipos<\/p>\n","protected":false},"author":159,"featured_media":505495,"comment_status":"closed","ping_status":"closed","sticky":false,"template":"","format":"standard","meta":[],"categories":[3839],"tags":[2354,5981,288,43],"_links":{"self":[{"href":"http:\/\/desarrollo.grupomedios.com\/futbol\/wp-json\/wp\/v2\/posts\/505492"}],"collection":[{"href":"http:\/\/desarrollo.grupomedios.com\/futbol\/wp-json\/wp\/v2\/posts"}],"about":[{"href":"http:\/\/desarrollo.grupomedios.com\/futbol\/wp-json\/wp\/v2\/types\/post"}],"author":[{"embeddable":true,"href":"http:\/\/desarrollo.grupomedios.com\/futbol\/wp-json\/wp\/v2\/users\/159"}],"replies":[{"embeddable":true,"href":"http:\/\/desarrollo.grupomedios.com\/futbol\/wp-json\/wp\/v2\/comments?post=505492"}],"version-history":[{"count":1,"href":"http:\/\/desarrollo.grupomedios.com\/futbol\/wp-json\/wp\/v2\/posts\/505492\/revisions"}],"predecessor-version":[{"id":505496,"href":"http:\/\/desarrollo.grupomedios.com\/futbol\/wp-json\/wp\/v2\/posts\/505492\/revisions\/505496"}],"wp:featuredmedia":[{"embeddable":true,"href":"http:\/\/desarrollo.grupomedios.com\/futbol\/wp-json\/wp\/v2\/media\/505495"}],"wp:attachment":[{"href":"http:\/\/desarrollo.grupomedios.com\/futbol\/wp-json\/wp\/v2\/media?parent=505492"}],"wp:term":[{"taxonomy":"category","embeddable":true,"href":"http:\/\/desarrollo.grupomedios.com\/futbol\/wp-json\/wp\/v2\/categories?post=505492"},{"taxonomy":"post_tag","embeddable":true,"href":"http:\/\/desarrollo.grupomedios.com\/futbol\/wp-json\/wp\/v2\/tags?post=505492"}],"curies":[{"name":"wp","href":"https:\/\/api.w.org\/{rel}","templated":true}]}}