{"id":505493,"date":"2017-10-19T10:07:36","date_gmt":"2017-10-19T15:07:36","guid":{"rendered":"https:\/\/www.futboltotal.com.mx\/?p=505493"},"modified":"2017-10-19T14:17:23","modified_gmt":"2017-10-19T19:17:23","slug":"11-ideal-la-jornada-10-del-apertura-2017","status":"publish","type":"post","link":"http:\/\/desarrollo.grupomedios.com\/futbol\/futbol-mexicano\/11-ideal-la-jornada-10-del-apertura-2017\/2017\/10","title":{"rendered":"El 11 ideal de la Jornada 10 del Apertura 2017"},"content":{"rendered":"<p><strong>POR: STAFF FT<\/strong><\/p>\n<p>Finalmente se jug\u00f3 la fecha pendiente del <strong>Apertura 2017\u00a0<\/strong>que en su momento no se disput\u00f3 a causa del sismo que sufri\u00f3 M\u00e9xico, y la Liga MX nos dej\u00f3 <a href=\"https:\/\/www.futboltotal.com.mx\/america-2-chivas-1-liga-mx-apertura-2017-resumen\/2017\/10\/\" target=\"_blank\" rel=\"noopener\"><span style=\"color: #333399;\">el triunfo de <strong>Am\u00e9rica<\/strong> sobre <strong>Chivas<\/strong> en el <strong>Cl\u00e1sico Nacional<\/strong><\/span><\/a>, as\u00ed como el <strong>11 ideal de la Jornada 10<\/strong>.<\/p>\n<p>En el arco tenemos al argentino <strong>Marcelo Barovero<\/strong>, quien pese a recibir tres anotaciones de Santos Laguna evit\u00f3 otras tantas anotaciones contra el arco de Necaxa.<\/p>\n<p style=\"text-align: center;\"><a href=\"https:\/\/www.futboltotal.com.mx\/chivas-la-burla-del-apertura-2017-en-los-memes\/2017\/10\/\" target=\"_blank\" rel=\"noopener\"><span style=\"color: #333399;\">VER M\u00c1S: Chivas, la burla del Apertura 2017 en los memes<\/span><\/a><\/p>\n<p>La l\u00ednea defensiva es liderada por el veterano <strong>Carlos Salcido<\/strong>, quien antes de salir de cambio ante las <strong>\u00c1guilas<\/strong> hab\u00eda cumplido con creces al ayudar a mantener el cero de su equipo; lo acompa\u00f1an <strong>Rodolfo<\/strong> <strong>Salinas<\/strong>, <strong>Carlos<\/strong> <strong>Guzm\u00e1n<\/strong> y <strong>Alan<\/strong> <strong>Mendoza<\/strong>, dos jugadores de zona baja que marcaron gol para <strong>Toluca y<\/strong>\u00a0<strong>Morelia\u00a0<\/strong>respectivamente, y el tercero cumpliendo en la lateral izquierda.<\/p>\n<p>En el mediocampo aparecen <strong>Renato<\/strong> <strong>Ibarra<\/strong>, h\u00e9roe americanista al marcar el gol del triunfo ante el <strong>Reba\u00f1o<\/strong>, <strong>Luis<\/strong> <strong>P\u00e9rez<\/strong>, anotador de doblete pese a la derrota de sus <strong>Rayos<\/strong> ante <strong>Santos<\/strong>, y <strong>V\u00edctor<\/strong> <strong>Guzm\u00e1n<\/strong>, quien sigue sumando goles en el presente torneo a pesar de la irregularidad de <strong>Pachuca<\/strong>.<\/p>\n<p>La delantera cuenta con <strong>Mart\u00edn<\/strong> <strong>Cauteruccio<\/strong>, goleador por partida doble en la pol\u00e9mica victoria de <strong>Cruz<\/strong> <strong>Azul<\/strong> sobre <strong>Quer\u00e9taro<\/strong>, el canadiense <strong>Lucas<\/strong> <strong>Cavallini<\/strong>, figura del <strong>Puebla<\/strong> con los dos goles que sepultaron al l\u00edder <strong>Monterrey<\/strong>, y <strong>Gustavo<\/strong> <strong>Bou<\/strong>, el argentino que hizo gol y asistencia para que los <strong>Xolos<\/strong> vencieran a <strong>Lobos<\/strong> <strong>BUAP<\/strong> a domicilio.<\/p>\n<p><img decoding=\"async\" loading=\"lazy\" class=\"aligncenter size-large wp-image-505500\" src=\"https:\/\/www.futboltotal.com.mx\/wp-content\/uploads\/2017\/10\/11-ideal-fecha-10-apertura-2017-782x1024.jpg\" alt=\"El 11 ideal de la Jornada 10 del Apertura 2017 0\" srcset=\"http:\/\/desarrollo.grupomedios.com\/futbol\/wp-content\/uploads\/2017\/10\/11-ideal-fecha-10-apertura-2017-782x1024.jpg 782w, http:\/\/desarrollo.grupomedios.com\/futbol\/wp-content\/uploads\/2017\/10\/11-ideal-fecha-10-apertura-2017-229x300.jpg 229w, http:\/\/desarrollo.grupomedios.com\/futbol\/wp-content\/uploads\/2017\/10\/11-ideal-fecha-10-apertura-2017-768x1005.jpg 768w, http:\/\/desarrollo.grupomedios.com\/futbol\/wp-content\/uploads\/2017\/10\/11-ideal-fecha-10-apertura-2017.jpg 858w\" sizes=\"(max-width: 782px) 100vw, 782px\" \/><\/p>\n<p>&nbsp;<\/p>\n","protected":false},"excerpt":{"rendered":"<p>Estos son los mejores jugadores de la d\u00e9cima fecha en la Liga MX.<\/p>\n","protected":false},"author":154,"featured_media":505498,"comment_status":"closed","ping_status":"closed","sticky":false,"template":"","format":"standard","meta":[],"categories":[7570,2198,3845],"tags":[5623,10716,5959,8357,4747,1595,70,4461,296,1508,64,9854,231,6870,7468,1462,7145],"_links":{"self":[{"href":"http:\/\/desarrollo.grupomedios.com\/futbol\/wp-json\/wp\/v2\/posts\/505493"}],"collection":[{"href":"http:\/\/desarrollo.grupomedios.com\/futbol\/wp-json\/wp\/v2\/posts"}],"about":[{"href":"http:\/\/desarrollo.grupomedios.com\/futbol\/wp-json\/wp\/v2\/types\/post"}],"author":[{"embeddable":true,"href":"http:\/\/desarrollo.grupomedios.com\/futbol\/wp-json\/wp\/v2\/users\/154"}],"replies":[{"embeddable":true,"href":"http:\/\/desarrollo.grupomedios.com\/futbol\/wp-json\/wp\/v2\/comments?post=505493"}],"version-history":[{"count":2,"href":"http:\/\/desarrollo.grupomedios.com\/futbol\/wp-json\/wp\/v2\/posts\/505493\/revisions"}],"predecessor-version":[{"id":505509,"href":"http:\/\/desarrollo.grupomedios.com\/futbol\/wp-json\/wp\/v2\/posts\/505493\/revisions\/505509"}],"wp:featuredmedia":[{"embeddable":true,"href":"http:\/\/desarrollo.grupomedios.com\/futbol\/wp-json\/wp\/v2\/media\/505498"}],"wp:attachment":[{"href":"http:\/\/desarrollo.grupomedios.com\/futbol\/wp-json\/wp\/v2\/media?parent=505493"}],"wp:term":[{"taxonomy":"category","embeddable":true,"href":"http:\/\/desarrollo.grupomedios.com\/futbol\/wp-json\/wp\/v2\/categories?post=505493"},{"taxonomy":"post_tag","embeddable":true,"href":"http:\/\/desarrollo.grupomedios.com\/futbol\/wp-json\/wp\/v2\/tags?post=505493"}],"curies":[{"name":"wp","href":"https:\/\/api.w.org\/{rel}","templated":true}]}}