{"id":505507,"date":"2017-10-19T10:34:52","date_gmt":"2017-10-19T15:34:52","guid":{"rendered":"https:\/\/www.futboltotal.com.mx\/?p=505507"},"modified":"2017-10-19T10:37:34","modified_gmt":"2017-10-19T15:37:34","slug":"miguel-herrera-asegura-chivas-fue-mejor-america","status":"publish","type":"post","link":"http:\/\/desarrollo.grupomedios.com\/futbol\/futbol-mexicano\/miguel-herrera-asegura-chivas-fue-mejor-america\/2017\/10","title":{"rendered":"Miguel Herrera asegura que Chivas fue mejor que Am\u00e9rica"},"content":{"rendered":"<p><strong>Por: Staff FT<\/strong><\/p>\n<p>Luego de la voltereta que tuvo que dar<strong> Am\u00e9rica<\/strong> para derrotar a las <strong>Chivas<\/strong> en el Cl\u00e1sico Nacional, el t\u00e9cnico de las <strong>\u00c1guilas<\/strong>, <strong>Miguel Herrera<\/strong>, asegur\u00f3 que el equipo del <strong>Reba\u00f1o<\/strong> fue mejor que ellos en la cancha.<\/p>\n<p>&#8220;Jugaron mejor ellos 60 minutos y despu\u00e9s el equipo reaccion\u00f3. El equipo no jug\u00f3 bien, ellos jugaron mejor que nosotros. Estamos consientes de eso&#8221;.<\/p>\n<p style=\"text-align: center;\"><span style=\"color: #3366ff;\"><a href=\"https:\/\/www.futboltotal.com.mx\/copa-mundial-2018\/seleccion-mexicana-ya-analizada-brasil\/\">VER M\u00c1S: Selecci\u00f3n Mexicana ya es analizada por Brasil<\/a><\/span><\/p>\n<p>Pese a que su equipo no jug\u00f3 como esperaba, el estratega destac\u00f3 que los <strong>Cl\u00e1sicos<\/strong> deben ganarse por la rivalidad hist\u00f3rica y la exigencia de la afici\u00f3n sin importar la forma, aunque le hubiera gusta que fuera con buen futbol.<\/p>\n<p>&#8220;Lo importante es ganar, estos partidos no son de jugar bien y bonito, uno lo quisiera, pero debemos ganar. Aplaudo la entrega de los muchachos en los momentos que hay que poner las ganas. No hicimos el mejor partido, pero hemos entendido que estos partidos se ganan s\u00ed o s\u00ed y que la afici\u00f3n debe estar contenta&#8221;.<\/p>\n<p>Tras el <span style=\"color: #3366ff;\"><a href=\"https:\/\/www.futboltotal.com.mx\/america-2-chivas-1-liga-mx-apertura-2017-resumen\/2017\/10\/\" target=\"_blank\" rel=\"noopener\">triunfo de Am\u00e9rica sobre las Chivas<\/a><\/span>, el equipo del <strong>Piojo Herrera<\/strong> se encuentra en segundo lugar del <strong>Apertura 2017<\/strong> y est\u00e1 a un punto de Rayados, que es l\u00edder del torneo, aunque el t\u00e9cnico <strong>azulcrema<\/strong> asegura que lo importante es clasificar.<\/p>\n<p>&#8220;No me obsesiona llegar como l\u00edder, pero si se puede lo vamos a intentar. Estamos un punto atr\u00e1s, pero debemos tener en cuenta que ellos tienen un partido menos. El objetivo es clasificar&#8221;, coment\u00f3 Herrera.<\/p>\n<p style=\"text-align: center;\"><span style=\"color: #3366ff;\"><a href=\"https:\/\/www.futboltotal.com.mx\/chivas-la-burla-del-apertura-2017-en-los-memes\/2017\/10\/\">VER M\u00c1S: Chivas, la burla del Apertura 2017 en los memes<\/a><\/span><\/p>\n","protected":false},"excerpt":{"rendered":"<p>El t\u00e9cnico destac\u00f3 la entrega de su equipo pese a verse superados.<\/p>\n","protected":false},"author":129,"featured_media":505511,"comment_status":"closed","ping_status":"closed","sticky":false,"template":"","format":"standard","meta":[],"categories":[2198,3845],"tags":[5959,8357,70,4461,554,64,1420,255],"_links":{"self":[{"href":"http:\/\/desarrollo.grupomedios.com\/futbol\/wp-json\/wp\/v2\/posts\/505507"}],"collection":[{"href":"http:\/\/desarrollo.grupomedios.com\/futbol\/wp-json\/wp\/v2\/posts"}],"about":[{"href":"http:\/\/desarrollo.grupomedios.com\/futbol\/wp-json\/wp\/v2\/types\/post"}],"author":[{"embeddable":true,"href":"http:\/\/desarrollo.grupomedios.com\/futbol\/wp-json\/wp\/v2\/users\/129"}],"replies":[{"embeddable":true,"href":"http:\/\/desarrollo.grupomedios.com\/futbol\/wp-json\/wp\/v2\/comments?post=505507"}],"version-history":[{"count":3,"href":"http:\/\/desarrollo.grupomedios.com\/futbol\/wp-json\/wp\/v2\/posts\/505507\/revisions"}],"predecessor-version":[{"id":505514,"href":"http:\/\/desarrollo.grupomedios.com\/futbol\/wp-json\/wp\/v2\/posts\/505507\/revisions\/505514"}],"wp:featuredmedia":[{"embeddable":true,"href":"http:\/\/desarrollo.grupomedios.com\/futbol\/wp-json\/wp\/v2\/media\/505511"}],"wp:attachment":[{"href":"http:\/\/desarrollo.grupomedios.com\/futbol\/wp-json\/wp\/v2\/media?parent=505507"}],"wp:term":[{"taxonomy":"category","embeddable":true,"href":"http:\/\/desarrollo.grupomedios.com\/futbol\/wp-json\/wp\/v2\/categories?post=505507"},{"taxonomy":"post_tag","embeddable":true,"href":"http:\/\/desarrollo.grupomedios.com\/futbol\/wp-json\/wp\/v2\/tags?post=505507"}],"curies":[{"name":"wp","href":"https:\/\/api.w.org\/{rel}","templated":true}]}}