{"id":505515,"date":"2017-10-19T10:58:54","date_gmt":"2017-10-19T15:58:54","guid":{"rendered":"https:\/\/www.futboltotal.com.mx\/?p=505515"},"modified":"2017-10-19T10:58:54","modified_gmt":"2017-10-19T15:58:54","slug":"omar-govea-quiere-marcarle-a-ochoa-en-liga-belgica","status":"publish","type":"post","link":"http:\/\/desarrollo.grupomedios.com\/futbol\/destacado-home\/omar-govea-quiere-marcarle-a-ochoa-en-liga-belgica\/2017\/10","title":{"rendered":"Omar Govea quiere marcarle a Ochoa en liga de B\u00e9lgica"},"content":{"rendered":"<p><strong>Por: Staff FT.<\/strong><\/p>\n<p>Este viernes el <strong>Royal Excel Mouscron<\/strong> se enfrentar\u00e1 al <strong>Standard de Lieja<\/strong>, donde los mexicanos <strong>Omar Govea<\/strong> y <strong>Guillermo Ochoa<\/strong> se ver\u00e1n las caras en la <strong>Liga J\u00fapiter<\/strong> de <strong>B\u00e9lgica<\/strong>.<\/p>\n<p>Para el juego ante el Standard, Govea asegur\u00f3 que le encantar\u00eda hacerle un gol su compatriota Ochoa, aunque siempre lo importante ser\u00e1 el funcionamiento de su equipo, aunque no niega que es un juego especial.<\/p>\n<p style=\"text-align: center;\"><span style=\"color: #3366ff;\"><a href=\"https:\/\/www.futboltotal.com.mx\/miguel-herrera-asegura-chivas-fue-mejor-america\/2017\/10\/\">VER M\u00c1S: Miguel Herrera asegura que Chivas fue mejor que Am\u00e9rica<\/a><\/span><\/p>\n<p>\u201cMe encantar\u00eda anotarle, pero lo principal es salir por los tres puntos, ganar que es lo m\u00e1s importante para el equipo, pero si me toca anotar, ser\u00eda m\u00e1s especial.<\/p>\n<p>\u201cVa a ser un partido muy atractivo, es un partido tambi\u00e9n muy especial por el hecho de jugar contra Memo; es un buen equipo, ellos van a venir a buscar ganar, pero nosotros estamos en casa, vamos a intentar hacer valer nuestra local\u00eda y vamos a salir por los tres puntos\u201d, dijo el mexicano en entrevista concedida a la agencia <em>Notimex<\/em>.<\/p>\n<p>Con tres goles en el futbol belga y con la regularidad que necesitaba en <strong>Europa<\/strong>, Govea afirm\u00f3 que su experiencia en una m\u00e1xima categor\u00eda ha sido como lo esperaba tras jugar en el filial del Porto en las dos campa\u00f1as anteriores.<\/p>\n<p>\u201cHa sido como lo pensaba, a eso vine a jugar, a entrenar y dar lo mejor de m\u00ed para dar resultados. Era lo que yo quer\u00eda, mostrar mis capacidades en primera liga y ahora que me dieron la oportunidad quiero seguir as\u00ed y continuar el buen ritmo, el buen camino.<\/p>\n<p style=\"text-align: center;\"><span style=\"color: #3366ff;\"><a href=\"https:\/\/www.futboltotal.com.mx\/psg-mejor-equipo-la-champions-league\/2017\/10\/\">VER M\u00c1S: PSG, el mejor equipo de la Champions League<\/a><\/span><\/p>\n<p>Aunque ve dif\u00edcil la posibilidad de ser convocado a la <strong>Selecci\u00f3n Mexicana<\/strong>, el futbolista formado en las fuerzas b\u00e1sicas del <strong>Am\u00e9rica<\/strong> trabaja d\u00eda a d\u00eda a la espera de un llamado para estar en el <strong>Tricolor<\/strong>, a menos de un a\u00f1o para la <strong>Copa del Mundo Rusia 2018.<\/strong><\/p>\n<p>\u201cEstoy dando lo mejor de m\u00ed en cada partido, cada entrenamiento, en el d\u00eda a d\u00eda, para buscar una oportunidad en selecci\u00f3n, no s\u00e9 si sea mucho o poco tiempo, pero voy a entregar lo que est\u00e1 en m\u00ed y buscar esa oportunidad, y si llega hay que aprovecharla. S\u00e9 que no es f\u00e1cil, tengo que luchar contra los mejores de M\u00e9xico, pero me siento bien, puedo competir con los de mi posici\u00f3n\u201d, finaliz\u00f3 el mexicano.<\/p>\n<p><em>*Con informaci\u00f3n de Notimex.<\/em><\/p>\n","protected":false},"excerpt":{"rendered":"<p>Los mexicanos se enfrentar\u00e1n en la Liga de B\u00e9lgica.<\/p>\n","protected":false},"author":129,"featured_media":501338,"comment_status":"closed","ping_status":"closed","sticky":false,"template":"","format":"standard","meta":[],"categories":[5,3839],"tags":[6214,5991,10717,5612,9554,2252],"_links":{"self":[{"href":"http:\/\/desarrollo.grupomedios.com\/futbol\/wp-json\/wp\/v2\/posts\/505515"}],"collection":[{"href":"http:\/\/desarrollo.grupomedios.com\/futbol\/wp-json\/wp\/v2\/posts"}],"about":[{"href":"http:\/\/desarrollo.grupomedios.com\/futbol\/wp-json\/wp\/v2\/types\/post"}],"author":[{"embeddable":true,"href":"http:\/\/desarrollo.grupomedios.com\/futbol\/wp-json\/wp\/v2\/users\/129"}],"replies":[{"embeddable":true,"href":"http:\/\/desarrollo.grupomedios.com\/futbol\/wp-json\/wp\/v2\/comments?post=505515"}],"version-history":[{"count":1,"href":"http:\/\/desarrollo.grupomedios.com\/futbol\/wp-json\/wp\/v2\/posts\/505515\/revisions"}],"predecessor-version":[{"id":505517,"href":"http:\/\/desarrollo.grupomedios.com\/futbol\/wp-json\/wp\/v2\/posts\/505515\/revisions\/505517"}],"wp:featuredmedia":[{"embeddable":true,"href":"http:\/\/desarrollo.grupomedios.com\/futbol\/wp-json\/wp\/v2\/media\/501338"}],"wp:attachment":[{"href":"http:\/\/desarrollo.grupomedios.com\/futbol\/wp-json\/wp\/v2\/media?parent=505515"}],"wp:term":[{"taxonomy":"category","embeddable":true,"href":"http:\/\/desarrollo.grupomedios.com\/futbol\/wp-json\/wp\/v2\/categories?post=505515"},{"taxonomy":"post_tag","embeddable":true,"href":"http:\/\/desarrollo.grupomedios.com\/futbol\/wp-json\/wp\/v2\/tags?post=505515"}],"curies":[{"name":"wp","href":"https:\/\/api.w.org\/{rel}","templated":true}]}}