{"id":505522,"date":"2017-10-19T11:57:52","date_gmt":"2017-10-19T16:57:52","guid":{"rendered":"https:\/\/www.futboltotal.com.mx\/?p=505522"},"modified":"2017-10-19T11:57:52","modified_gmt":"2017-10-19T16:57:52","slug":"rodolfo-cota-avergonzado-error-ante-america","status":"publish","type":"post","link":"http:\/\/desarrollo.grupomedios.com\/futbol\/futbol-mexicano\/rodolfo-cota-avergonzado-error-ante-america\/2017\/10","title":{"rendered":"Rodolfo Cota avergonzado por error ante Am\u00e9rica"},"content":{"rendered":"<p><strong>POR: STAFF FT<\/strong><\/p>\n<p>La derrota de <strong>Chivas<\/strong> ante <strong>Am\u00e9rica<\/strong> en el <strong>Cl\u00e1sico<\/strong> result\u00f3 un duro golpe para el guardameta del <strong>Reba\u00f1o<\/strong>,\u00a0<strong>Rodolfo Cota,\u00a0<\/strong>pues se se\u00f1al\u00f3 como uno de los principales culpables para que las \u00c1guilas pudieran darle la vuelta al encuentro cuando estaban abajo en el marcador, situaci\u00f3n por la que se mostr\u00f3 avergonzado.<\/p>\n<p>&#8220;En lo personal estoy muy apenado, <strong>me da verg\u00fcenza<\/strong>, al terminar el partido <strong>no pod\u00eda ni voltear a ver a mis compa\u00f1eros<\/strong> a la cara, echarles a perder un partido de esta manera es complicado pero la afici\u00f3n, todo mi respeto, si bien o mal han estado siempre ah\u00ed en este momento que es tan complicado para nosotros en este torneo siempre han estado apoyando&#8221;, mencion\u00f3\u00a0Rodolfo Cota\u00a0en zona mixta despu\u00e9s del encuentro.<\/p>\n<blockquote class=\"twitter-video\" data-lang=\"es\">\n<p dir=\"ltr\" lang=\"es\">\u00a1DOLIDO POR &#8220;ECHAR A PERDER&#8221; EL CL\u00c1SICO&#8221;! <a href=\"https:\/\/twitter.com\/hashtag\/LUP?src=hash&amp;ref_src=twsrc%5Etfw\">#LUP<\/a> Rodolfo Cota lament\u00f3 su error, que cost\u00f3 la derrota de Chivas ante Am\u00e9rica: <a href=\"https:\/\/t.co\/iPXBSaAPl1\">pic.twitter.com\/iPXBSaAPl1<\/a><\/p>\n<p>\u2014 FOX Sports MX (@FOXSportsMX) <a href=\"https:\/\/twitter.com\/FOXSportsMX\/status\/920875729016856576?ref_src=twsrc%5Etfw\">19 de octubre de 2017<\/a><\/p><\/blockquote>\n<p><script async src=\"\/\/platform.twitter.com\/widgets.js\" charset=\"utf-8\"><\/script><\/p>\n<p style=\"text-align: center;\"><a href=\"https:\/\/www.futboltotal.com.mx\/lo-que-nos-dejo-la-jornada-10-la-liga-mx\/2017\/10\/\" target=\"_blank\" rel=\"noopener\">VER M\u00c1S: \u00bfQu\u00e9 nos dej\u00f3 la Jornada 10 de la Liga MX?<\/a><\/p>\n<p>Ante el momento complicado que vive el arquero, el<strong>\u00a0CEO de Grupo Omnilife-Chivas<\/strong>,\u00a0<strong>Jos\u00e9 Luis Higuera,\u00a0<\/strong>mostr\u00f3 su apoyo con el guardameta Rojiblanco a trav\u00e9s de Twitter y dio un mensaje de \u00e1nimo, pues lo se\u00f1al\u00f3 como una pieza clave para el t\u00edtulo del pasado Clausura 2017.<\/p>\n<blockquote class=\"twitter-tweet\" data-lang=\"es\">\n<p dir=\"ltr\" lang=\"es\">Animo <a href=\"https:\/\/twitter.com\/RodolfoCota_?ref_src=twsrc%5Etfw\">@RodolfoCota_<\/a> fuiste pieza fundamental en el campeonato!! Una mala noche no borra lo que has hecho por <a href=\"https:\/\/twitter.com\/Chivas?ref_src=twsrc%5Etfw\">@Chivas<\/a> estamos contigo!!<\/p>\n<p>\u2014 Jose Luis Higuera B (@JLHB33) <a href=\"https:\/\/twitter.com\/JLHB33\/status\/920876347060142080?ref_src=twsrc%5Etfw\">19 de octubre de 2017<\/a><\/p><\/blockquote>\n<p><script async src=\"\/\/platform.twitter.com\/widgets.js\" charset=\"utf-8\"><\/script><\/p>\n<p>El guardameta tuvo un error el primer gol de las \u00c1guilas, cuando <strong>Mateus Uribe<\/strong> dispar\u00f3 al arco y Cota &#8216;escupi\u00f3&#8217; el esf\u00e9rico para la llegada del delantero de Am\u00e9rica, <strong>Oribe Peralta<\/strong> y dos minutos despu\u00e9s se consumara la remontada con un gol de <strong>Renato Ibarra<\/strong>, con lo que los Rojiblancos perdieron el Cl\u00e1sico ante su odiado rival.<\/p>\n<p style=\"text-align: center;\"><a href=\"https:\/\/www.futboltotal.com.mx\/neymar-desea-ser-el-messi-de-mbappe\/2017\/10\/\" target=\"_blank\" rel=\"noopener\">VER M\u00c1S: Neymar desea ser el &#8216;Messi&#8217; de Mbapp\u00e9<\/a><\/p>\n","protected":false},"excerpt":{"rendered":"<p>El guardameta tuvo una mala noche ante las \u00c1guilas<\/p>\n","protected":false},"author":159,"featured_media":505524,"comment_status":"closed","ping_status":"closed","sticky":false,"template":"","format":"standard","meta":[],"categories":[2198,3845],"tags":[5959,8357,70,64,6920],"_links":{"self":[{"href":"http:\/\/desarrollo.grupomedios.com\/futbol\/wp-json\/wp\/v2\/posts\/505522"}],"collection":[{"href":"http:\/\/desarrollo.grupomedios.com\/futbol\/wp-json\/wp\/v2\/posts"}],"about":[{"href":"http:\/\/desarrollo.grupomedios.com\/futbol\/wp-json\/wp\/v2\/types\/post"}],"author":[{"embeddable":true,"href":"http:\/\/desarrollo.grupomedios.com\/futbol\/wp-json\/wp\/v2\/users\/159"}],"replies":[{"embeddable":true,"href":"http:\/\/desarrollo.grupomedios.com\/futbol\/wp-json\/wp\/v2\/comments?post=505522"}],"version-history":[{"count":1,"href":"http:\/\/desarrollo.grupomedios.com\/futbol\/wp-json\/wp\/v2\/posts\/505522\/revisions"}],"predecessor-version":[{"id":505525,"href":"http:\/\/desarrollo.grupomedios.com\/futbol\/wp-json\/wp\/v2\/posts\/505522\/revisions\/505525"}],"wp:featuredmedia":[{"embeddable":true,"href":"http:\/\/desarrollo.grupomedios.com\/futbol\/wp-json\/wp\/v2\/media\/505524"}],"wp:attachment":[{"href":"http:\/\/desarrollo.grupomedios.com\/futbol\/wp-json\/wp\/v2\/media?parent=505522"}],"wp:term":[{"taxonomy":"category","embeddable":true,"href":"http:\/\/desarrollo.grupomedios.com\/futbol\/wp-json\/wp\/v2\/categories?post=505522"},{"taxonomy":"post_tag","embeddable":true,"href":"http:\/\/desarrollo.grupomedios.com\/futbol\/wp-json\/wp\/v2\/tags?post=505522"}],"curies":[{"name":"wp","href":"https:\/\/api.w.org\/{rel}","templated":true}]}}