{"id":505533,"date":"2017-10-19T12:40:46","date_gmt":"2017-10-19T17:40:46","guid":{"rendered":"https:\/\/www.futboltotal.com.mx\/?p=505533"},"modified":"2017-10-19T12:40:46","modified_gmt":"2017-10-19T17:40:46","slug":"neymar-recibe-millonaria-multa-evasion-impuestos","status":"publish","type":"post","link":"http:\/\/desarrollo.grupomedios.com\/futbol\/futbol-internacional\/neymar-recibe-millonaria-multa-evasion-impuestos\/2017\/10","title":{"rendered":"Neymar recibe millonaria multa por evasi\u00f3n de impuestos"},"content":{"rendered":"<p>Un tribunal de segunda instancia le impuso una <strong>multa<\/strong> de <strong>3,8 millones de reales (unos 1,2 millones de d\u00f3lares)<\/strong> al futbolista brasile\u00f1o <strong>Neymar<\/strong> por considerar que actu\u00f3 de &#8220;mala fe&#8221; con sus gestiones para intentar atrasar un proceso que enfrenta por evasi\u00f3n fiscal.<\/p>\n<p>La multa se extiende al astro de la <strong>selecci\u00f3n brasile\u00f1a<\/strong> y el <strong>PSG<\/strong> franc\u00e9s, a sus padres y a tres de las empresas que administran la carrera del futbolista, informaron hoy fuentes judiciales.<\/p>\n<p style=\"text-align: center;\"><a href=\"https:\/\/www.futboltotal.com.mx\/diputado-se-presenta-al-congreso-la-playera-del-america\/2017\/10\/\"><span style=\"color: #3366ff;\">VER M\u00c1S: Diputado se presenta al congreso con la playera del Am\u00e9rica<\/span><\/a><\/p>\n<p>La sanci\u00f3n fue impuesta el martes por la <strong>Tercera Sala del Tribunal Regional Federa<\/strong>l de la <strong>Tercera Regi\u00f3n<\/strong> de <strong>Brasil<\/strong>, en un proceso por el que la justicia determin\u00f3 en septiembre de 2015 un embargo de 192,7 millones de reales (unos 62,2 millones de d\u00f3lares) en bienes del delantero para garantizar el pago de los impuestos que adeudar\u00eda.<\/p>\n<p>El valor de la multa corresponde al 2 % del valor que el <strong>Fisco federa<\/strong>l de<strong> Brasil<\/strong> espera recibir de Neymar por impuestos evadidos y multas.<\/p>\n<p><strong>El Fisco<\/strong> acus\u00f3 hace dos a\u00f1os a Neymar de no haber pagado la totalidad de sus impuestos como persona f\u00edsica entre 2011 y 2013, y de haber utilizado las empresas de su familia para pagar menos tributos.<\/p>\n<p>De acuerdo con el \u00f3rgano recaudador, el delantero cre\u00f3 algunas empresas solamente para recibir parte de sus salarios y de sus derechos de imagen, con el fin de no pagar la tasa del impuesto sobre la renta para las personas f\u00edsicas (27,5 %) que es muy superior a la que pagan las personas jur\u00eddicas (empresas), que var\u00eda entre el 15 y el 25 %.<\/p>\n<p style=\"text-align: center;\"><span style=\"color: #3366ff;\"><a href=\"https:\/\/www.futboltotal.com.mx\/doble-del-piojo-herrera-dirige-en-futbol-belgica\/2017\/10\/\">VER M\u00c1S: El doble del \u2018Piojo\u2019 Herrera dirige en el futbol de B\u00e9lgica<\/a><\/span><\/p>\n<p>El magistrado instructor del proceso, <strong>Carlos Muta<\/strong>, consider\u00f3 en su sentencia que la conducta de Neymar en el proceso &#8220;caracteriza litigio de mala fe y acto atentatorio a la dignidad de la Justicia&#8221; por la clara intenci\u00f3n de los recursos de su defensa para prorrogar el proceso.<\/p>\n<p>De acuerdo con el magistrado, el exfutbolista del Barcelona espa\u00f1ol y del Santos brasile\u00f1o tan solo se propone &#8220;trabar la continuidad del proceso&#8221;. EFE<\/p>\n","protected":false},"excerpt":{"rendered":"<p>El brasile\u00f1o tambi\u00e9n tiene problemas con los impuestos en Brasil.<\/p>\n","protected":false},"author":129,"featured_media":505537,"comment_status":"closed","ping_status":"closed","sticky":false,"template":"","format":"standard","meta":[],"categories":[3839,9609],"tags":[6009,10724,6214,2764,6001,114],"_links":{"self":[{"href":"http:\/\/desarrollo.grupomedios.com\/futbol\/wp-json\/wp\/v2\/posts\/505533"}],"collection":[{"href":"http:\/\/desarrollo.grupomedios.com\/futbol\/wp-json\/wp\/v2\/posts"}],"about":[{"href":"http:\/\/desarrollo.grupomedios.com\/futbol\/wp-json\/wp\/v2\/types\/post"}],"author":[{"embeddable":true,"href":"http:\/\/desarrollo.grupomedios.com\/futbol\/wp-json\/wp\/v2\/users\/129"}],"replies":[{"embeddable":true,"href":"http:\/\/desarrollo.grupomedios.com\/futbol\/wp-json\/wp\/v2\/comments?post=505533"}],"version-history":[{"count":1,"href":"http:\/\/desarrollo.grupomedios.com\/futbol\/wp-json\/wp\/v2\/posts\/505533\/revisions"}],"predecessor-version":[{"id":505538,"href":"http:\/\/desarrollo.grupomedios.com\/futbol\/wp-json\/wp\/v2\/posts\/505533\/revisions\/505538"}],"wp:featuredmedia":[{"embeddable":true,"href":"http:\/\/desarrollo.grupomedios.com\/futbol\/wp-json\/wp\/v2\/media\/505537"}],"wp:attachment":[{"href":"http:\/\/desarrollo.grupomedios.com\/futbol\/wp-json\/wp\/v2\/media?parent=505533"}],"wp:term":[{"taxonomy":"category","embeddable":true,"href":"http:\/\/desarrollo.grupomedios.com\/futbol\/wp-json\/wp\/v2\/categories?post=505533"},{"taxonomy":"post_tag","embeddable":true,"href":"http:\/\/desarrollo.grupomedios.com\/futbol\/wp-json\/wp\/v2\/tags?post=505533"}],"curies":[{"name":"wp","href":"https:\/\/api.w.org\/{rel}","templated":true}]}}