{"id":505541,"date":"2017-10-19T13:55:44","date_gmt":"2017-10-19T18:55:44","guid":{"rendered":"https:\/\/www.futboltotal.com.mx\/?p=505541"},"modified":"2017-10-19T13:55:44","modified_gmt":"2017-10-19T18:55:44","slug":"11-infame-la-jornada-10-del-apertura-2017","status":"publish","type":"post","link":"http:\/\/desarrollo.grupomedios.com\/futbol\/destacado-home\/11-infame-la-jornada-10-del-apertura-2017\/2017\/10","title":{"rendered":"El 11 infame de la jornada 10 del Apertura 2017"},"content":{"rendered":"<p>Se jug\u00f3 la reprogramada <strong>Jornada 10<\/strong> del torneo de <strong>Apertura 2017<\/strong> de la <strong>Liga MX<\/strong>, que nos dej\u00f3 el <span style=\"color: #3366ff;\"><a href=\"https:\/\/www.futboltotal.com.mx\/america-2-chivas-1-liga-mx-apertura-2017-resumen\/2017\/10\/\">triunfo de Am\u00e9rica sobre Chivas<\/a><\/span> en el <strong>Cl\u00e1sico Nacional<\/strong>, as\u00ed como el 11 infame de esta fecha.<\/p>\n<p>En el arco tenemos a <strong>Rodolfo Cota<\/strong>, que para su mala fortuna un rechace suyo termin\u00f3 con el empate de las <strong>\u00c1guilas<\/strong> y a la postre la remontada sobre el Reba\u00f1o en el partido disputado en el <strong>estadio Azteca<\/strong>.<\/p>\n<p>La parte de la defensa inicia con <strong>Heriberto Olvera<\/strong> de <strong>Lobos BUAP<\/strong>, pues el jugador vivi\u00f3 una pesadilla con <strong>Gustavo Bou<\/strong> y <strong>Miller Bola\u00f1os<\/strong> durante el partido ante <strong>Xolos<\/strong>. En la central est\u00e1 <strong>Jos\u00e9 Mar\u00eda Basanta<\/strong>, quien no estuvo fino en la derrota de <strong>Rayados<\/strong> ante <strong>Puebla<\/strong> y que acab\u00f3 con su invicto. Al argentino lo acompa\u00f1a <strong>Steven Bareiro<\/strong> y <strong>Miguel Ponce<\/strong>, que sufrieron en sus respectivas de <strong>Atlas<\/strong> y <strong>Necaxa<\/strong> con<strong> Morelia<\/strong> y <strong>Santos<\/strong> respectivamente.<\/p>\n<p style=\"text-align: center;\"><span style=\"color: #3366ff;\"><a href=\"https:\/\/www.futboltotal.com.mx\/11-ideal-la-jornada-10-del-apertura-2017\/2017\/10\/\">VER M\u00c1S: El 11 ideal de la Jornada 10 del Apertura 2017<\/a><\/span><\/p>\n<p>El medio campo est\u00e1 conformado por dos jugadores ofensivos y que se encargar\u00edan de crear las jugadas de <strong>Toluca<\/strong> y <strong>Veracruz<\/strong> respectivamente, pues <strong>Pablo Barrientos<\/strong> y <strong>Leandro Vel\u00e1zquez<\/strong> no estuvieron del todo bien, incluso el escarlata sali\u00f3 expulsado. El centro del campo lo complementa el joven del Atlas, Juan Vig\u00f3n.<\/p>\n<p>La delantera la integran <strong>Jorge Ben\u00edtez<\/strong>, quien recibi\u00f3 una oportunidad de <strong>Antonio Mohamed<\/strong> y no la aprovech\u00f3. Mismo caso fue el de <strong>Angelo Sagal,<\/strong> pues el chileno no estuvo fino en el duelo de<strong> Pachuca<\/strong> ante <strong>Toluca<\/strong> y <strong>Dar\u00edo Burbano<\/strong> fue el mismo caso con<strong> Le\u00f3n<\/strong> cuando cay\u00f3 ante <strong>Pumas<\/strong>.<\/p>\n<div id=\"attachment_505558\" style=\"width: 868px\" class=\"wp-caption aligncenter\"><img aria-describedby=\"caption-attachment-505558\" decoding=\"async\" loading=\"lazy\" class=\"size-full wp-image-505558\" src=\"https:\/\/www.futboltotal.com.mx\/wp-content\/uploads\/2017\/10\/11-infame-jornada-10-wp.jpg\" alt=\"Estos fueron los 11 jugadores que tuvieron una mala participaci\u00f3n dentro de la Jornada 13 del Apertura 2017.\" srcset=\"http:\/\/desarrollo.grupomedios.com\/futbol\/wp-content\/uploads\/2017\/10\/11-infame-jornada-10-wp.jpg 858w, http:\/\/desarrollo.grupomedios.com\/futbol\/wp-content\/uploads\/2017\/10\/11-infame-jornada-10-wp-229x300.jpg 229w, http:\/\/desarrollo.grupomedios.com\/futbol\/wp-content\/uploads\/2017\/10\/11-infame-jornada-10-wp-768x1005.jpg 768w, http:\/\/desarrollo.grupomedios.com\/futbol\/wp-content\/uploads\/2017\/10\/11-infame-jornada-10-wp-782x1024.jpg 782w\" sizes=\"(max-width: 858px) 100vw, 858px\" \/><p id=\"caption-attachment-505558\" class=\"wp-caption-text\">Estos fueron los 11 jugadores que tuvieron una mala participaci\u00f3n dentro de la Jornada 10 del Apertura 2017.<\/p><\/div>\n","protected":false},"excerpt":{"rendered":"<p>Estos jugadores no la pasaron bien en la Jornada reprogramada de la Liga MX.<\/p>\n","protected":false},"author":129,"featured_media":505565,"comment_status":"closed","ping_status":"closed","sticky":false,"template":"","format":"standard","meta":[],"categories":[5,2198,3845],"tags":[10725,8357,5961,70,5965,64,431,5966,261,5968,497,5975],"_links":{"self":[{"href":"http:\/\/desarrollo.grupomedios.com\/futbol\/wp-json\/wp\/v2\/posts\/505541"}],"collection":[{"href":"http:\/\/desarrollo.grupomedios.com\/futbol\/wp-json\/wp\/v2\/posts"}],"about":[{"href":"http:\/\/desarrollo.grupomedios.com\/futbol\/wp-json\/wp\/v2\/types\/post"}],"author":[{"embeddable":true,"href":"http:\/\/desarrollo.grupomedios.com\/futbol\/wp-json\/wp\/v2\/users\/129"}],"replies":[{"embeddable":true,"href":"http:\/\/desarrollo.grupomedios.com\/futbol\/wp-json\/wp\/v2\/comments?post=505541"}],"version-history":[{"count":1,"href":"http:\/\/desarrollo.grupomedios.com\/futbol\/wp-json\/wp\/v2\/posts\/505541\/revisions"}],"predecessor-version":[{"id":505566,"href":"http:\/\/desarrollo.grupomedios.com\/futbol\/wp-json\/wp\/v2\/posts\/505541\/revisions\/505566"}],"wp:featuredmedia":[{"embeddable":true,"href":"http:\/\/desarrollo.grupomedios.com\/futbol\/wp-json\/wp\/v2\/media\/505565"}],"wp:attachment":[{"href":"http:\/\/desarrollo.grupomedios.com\/futbol\/wp-json\/wp\/v2\/media?parent=505541"}],"wp:term":[{"taxonomy":"category","embeddable":true,"href":"http:\/\/desarrollo.grupomedios.com\/futbol\/wp-json\/wp\/v2\/categories?post=505541"},{"taxonomy":"post_tag","embeddable":true,"href":"http:\/\/desarrollo.grupomedios.com\/futbol\/wp-json\/wp\/v2\/tags?post=505541"}],"curies":[{"name":"wp","href":"https:\/\/api.w.org\/{rel}","templated":true}]}}