{"id":505560,"date":"2017-10-19T14:16:58","date_gmt":"2017-10-19T19:16:58","guid":{"rendered":"https:\/\/www.futboltotal.com.mx\/?p=505560"},"modified":"2017-10-19T14:16:58","modified_gmt":"2017-10-19T19:16:58","slug":"crack-la-jornada-10-martin-cauteruccio","status":"publish","type":"post","link":"http:\/\/desarrollo.grupomedios.com\/futbol\/futbol-mexicano\/crack-la-jornada-10-martin-cauteruccio\/2017\/10","title":{"rendered":"El Crack de la Jornada 10: Mart\u00edn Cauteruccio"},"content":{"rendered":"<p><strong>POR: STAFF FT<\/strong><\/p>\n<p>La <strong>fecha 10<\/strong> del <strong>Apertura 2017<\/strong> dej\u00f3 al atacante uruguayo <strong>Mart\u00edn Cauteruccio<\/strong> del <strong>Cruz Azul<\/strong> como el <strong>Crack de la Jornada<\/strong> en la Liga MX, gracias a su doblete ante el <strong>Quer\u00e9taro<\/strong>.<\/p>\n<p>El atacante de <strong>La M\u00e1quina<\/strong> defini\u00f3 desde el punto penal las dos anotaciones con las que su equipo se impuso a los <strong>Gallos<\/strong> en un pol\u00e9mico partido marcado por el arbitraje, que en total marc\u00f3 cuatro penaltis, tres para los azules.<\/p>\n<p style=\"text-align: center;\"><a href=\"https:\/\/www.futboltotal.com.mx\/11-ideal-la-jornada-10-del-apertura-2017\/2017\/10\/\" target=\"_blank\" rel=\"noopener\"><span style=\"color: #333399;\">VER M\u00c1S: El 11 ideal de la Jornada 10 del Apertura 2017<\/span><\/a><\/p>\n<p>Cauteruccio enga\u00f1\u00f3 en ambas ocasiones al arquero queretano y as\u00ed lider\u00f3 la victoria de \u00faltimo momento de Cruz Azul, adem\u00e1s de convertirse en el Crack de la Jornada 10.<\/p>\n<p class=\"p1\"><span class=\"s1\">[video_player]https:\/\/player.vimeo.com\/external\/238976167.hd.mp4?s=3a73be2eb5635ff1c9979d140ef7cab5473f325a&amp;profile_id=174[\/video_player]<\/span><\/p>\n","protected":false},"excerpt":{"rendered":"<p>El delantero del Cruz Azul firm\u00f3 el pol\u00e9mico triunfo sobre el Quer\u00e9taro.<\/p>\n","protected":false},"author":154,"featured_media":505564,"comment_status":"closed","ping_status":"closed","sticky":false,"template":"","format":"standard","meta":[],"categories":[7570,2198,3845],"tags":[8357,10726,5962,4256,64,1583,1168,5970],"_links":{"self":[{"href":"http:\/\/desarrollo.grupomedios.com\/futbol\/wp-json\/wp\/v2\/posts\/505560"}],"collection":[{"href":"http:\/\/desarrollo.grupomedios.com\/futbol\/wp-json\/wp\/v2\/posts"}],"about":[{"href":"http:\/\/desarrollo.grupomedios.com\/futbol\/wp-json\/wp\/v2\/types\/post"}],"author":[{"embeddable":true,"href":"http:\/\/desarrollo.grupomedios.com\/futbol\/wp-json\/wp\/v2\/users\/154"}],"replies":[{"embeddable":true,"href":"http:\/\/desarrollo.grupomedios.com\/futbol\/wp-json\/wp\/v2\/comments?post=505560"}],"version-history":[{"count":1,"href":"http:\/\/desarrollo.grupomedios.com\/futbol\/wp-json\/wp\/v2\/posts\/505560\/revisions"}],"predecessor-version":[{"id":505572,"href":"http:\/\/desarrollo.grupomedios.com\/futbol\/wp-json\/wp\/v2\/posts\/505560\/revisions\/505572"}],"wp:featuredmedia":[{"embeddable":true,"href":"http:\/\/desarrollo.grupomedios.com\/futbol\/wp-json\/wp\/v2\/media\/505564"}],"wp:attachment":[{"href":"http:\/\/desarrollo.grupomedios.com\/futbol\/wp-json\/wp\/v2\/media?parent=505560"}],"wp:term":[{"taxonomy":"category","embeddable":true,"href":"http:\/\/desarrollo.grupomedios.com\/futbol\/wp-json\/wp\/v2\/categories?post=505560"},{"taxonomy":"post_tag","embeddable":true,"href":"http:\/\/desarrollo.grupomedios.com\/futbol\/wp-json\/wp\/v2\/tags?post=505560"}],"curies":[{"name":"wp","href":"https:\/\/api.w.org\/{rel}","templated":true}]}}