{"id":505569,"date":"2017-10-19T14:25:16","date_gmt":"2017-10-19T19:25:16","guid":{"rendered":"https:\/\/www.futboltotal.com.mx\/?p=505569"},"modified":"2017-10-19T15:41:18","modified_gmt":"2017-10-19T20:41:18","slug":"revelan-estadio-azteca-sufrio-danos-tras-sismo","status":"publish","type":"post","link":"http:\/\/desarrollo.grupomedios.com\/futbol\/futbol-mexicano\/revelan-estadio-azteca-sufrio-danos-tras-sismo\/2017\/10","title":{"rendered":"Revelan que estadio Azteca sufri\u00f3 da\u00f1os tras el sismo"},"content":{"rendered":"<p>Luego de casi un mes tras el pasado sismo que azot\u00f3 <strong>M\u00e9xico<\/strong> el pasado 19 de septiembre, el <strong>estadio Azteca<\/strong> volvi\u00f3 a recibir un partido de futbol cuando <strong>Am\u00e9rica<\/strong> enfrent\u00f3 a<strong> Chivas<\/strong> en el Cl\u00e1sico Nacional.<\/p>\n<p>Aunque al principio se dijo que el recinto no sufri\u00f3 ning\u00fan da\u00f1o, tras el partido entre<strong> \u00c1guilas<\/strong> y el <strong>Reba\u00f1o<\/strong> se ha dado a conocer que algunos palcos sufrieron afectaciones tras el terremoto, como grietas en los sanitarios.<\/p>\n<p>Estas son las fotograf\u00edas que comparti\u00f3 el <em>diario R\u00e9cord<\/em>.<\/p>\n<p style=\"text-align: center;\"><span style=\"color: #3366ff;\"><a href=\"https:\/\/www.futboltotal.com.mx\/rodolfo-cota-avergonzado-error-ante-america\/2017\/10\/\">VER M\u00c1S: Rodolfo Cota avergonzado por error ante Am\u00e9rica<\/a><\/span><\/p>\n<p><img decoding=\"async\" loading=\"lazy\" class=\"alignnone size-full wp-image-505574\" src=\"https:\/\/www.futboltotal.com.mx\/wp-content\/uploads\/2017\/10\/foto-bano-estadio-azteca.jpg\" alt=\"Revelan que estadio Azteca sufri\u00f3 da\u00f1os tras el sismo 0\" srcset=\"http:\/\/desarrollo.grupomedios.com\/futbol\/wp-content\/uploads\/2017\/10\/foto-bano-estadio-azteca.jpg 749w, http:\/\/desarrollo.grupomedios.com\/futbol\/wp-content\/uploads\/2017\/10\/foto-bano-estadio-azteca-205x300.jpg 205w, http:\/\/desarrollo.grupomedios.com\/futbol\/wp-content\/uploads\/2017\/10\/foto-bano-estadio-azteca-701x1024.jpg 701w\" sizes=\"(max-width: 749px) 100vw, 749px\" \/><img decoding=\"async\" loading=\"lazy\" class=\"alignnone size-full wp-image-505575\" src=\"https:\/\/www.futboltotal.com.mx\/wp-content\/uploads\/2017\/10\/foto-estadio-azteca-bano-2.jpg\" alt=\"Revelan que estadio Azteca sufri\u00f3 da\u00f1os tras el sismo 1\" srcset=\"http:\/\/desarrollo.grupomedios.com\/futbol\/wp-content\/uploads\/2017\/10\/foto-estadio-azteca-bano-2.jpg 1089w, http:\/\/desarrollo.grupomedios.com\/futbol\/wp-content\/uploads\/2017\/10\/foto-estadio-azteca-bano-2-300x203.jpg 300w, http:\/\/desarrollo.grupomedios.com\/futbol\/wp-content\/uploads\/2017\/10\/foto-estadio-azteca-bano-2-768x519.jpg 768w, http:\/\/desarrollo.grupomedios.com\/futbol\/wp-content\/uploads\/2017\/10\/foto-estadio-azteca-bano-2-1024x692.jpg 1024w\" sizes=\"(max-width: 1089px) 100vw, 1089px\" \/><\/p>\n<p>\u201cCon tantas cosas que salieron en las noticias uno se preocupa. Esperemos que no sean da\u00f1os estructurales y no haya riesgos\u201d, indic\u00f3 Margarita Rocha, aficionada que vio el Cl\u00e1sico Nacional en un palco da\u00f1ado.<\/p>\n<p>D\u00edas despu\u00e9s del temblor, elementos de Protecci\u00f3n Civil de la Ciudad de M\u00e9xico inspeccionaron el recinto azulcrema y definieron que no hab\u00eda da\u00f1o estructural alguno, por lo que era seguro volver a utilizar el inmueble.<\/p>\n","protected":false},"excerpt":{"rendered":"<p>Algunos de los palcos resultaron da\u00f1ados.<\/p>\n","protected":false},"author":129,"featured_media":505576,"comment_status":"closed","ping_status":"closed","sticky":false,"template":"","format":"standard","meta":[],"categories":[2198,3845],"tags":[5959,8357,70,554,64,758,10598],"_links":{"self":[{"href":"http:\/\/desarrollo.grupomedios.com\/futbol\/wp-json\/wp\/v2\/posts\/505569"}],"collection":[{"href":"http:\/\/desarrollo.grupomedios.com\/futbol\/wp-json\/wp\/v2\/posts"}],"about":[{"href":"http:\/\/desarrollo.grupomedios.com\/futbol\/wp-json\/wp\/v2\/types\/post"}],"author":[{"embeddable":true,"href":"http:\/\/desarrollo.grupomedios.com\/futbol\/wp-json\/wp\/v2\/users\/129"}],"replies":[{"embeddable":true,"href":"http:\/\/desarrollo.grupomedios.com\/futbol\/wp-json\/wp\/v2\/comments?post=505569"}],"version-history":[{"count":3,"href":"http:\/\/desarrollo.grupomedios.com\/futbol\/wp-json\/wp\/v2\/posts\/505569\/revisions"}],"predecessor-version":[{"id":505582,"href":"http:\/\/desarrollo.grupomedios.com\/futbol\/wp-json\/wp\/v2\/posts\/505569\/revisions\/505582"}],"wp:featuredmedia":[{"embeddable":true,"href":"http:\/\/desarrollo.grupomedios.com\/futbol\/wp-json\/wp\/v2\/media\/505576"}],"wp:attachment":[{"href":"http:\/\/desarrollo.grupomedios.com\/futbol\/wp-json\/wp\/v2\/media?parent=505569"}],"wp:term":[{"taxonomy":"category","embeddable":true,"href":"http:\/\/desarrollo.grupomedios.com\/futbol\/wp-json\/wp\/v2\/categories?post=505569"},{"taxonomy":"post_tag","embeddable":true,"href":"http:\/\/desarrollo.grupomedios.com\/futbol\/wp-json\/wp\/v2\/tags?post=505569"}],"curies":[{"name":"wp","href":"https:\/\/api.w.org\/{rel}","templated":true}]}}