{"id":505571,"date":"2017-10-19T15:59:40","date_gmt":"2017-10-19T20:59:40","guid":{"rendered":"https:\/\/www.futboltotal.com.mx\/?p=505571"},"modified":"2017-10-19T16:04:23","modified_gmt":"2017-10-19T21:04:23","slug":"golazo-olivier-giroud-arsenal-en-europa-league","status":"publish","type":"post","link":"http:\/\/desarrollo.grupomedios.com\/futbol\/videos\/golazo-olivier-giroud-arsenal-en-europa-league\/2017\/10","title":{"rendered":"El golazo de Olivier Giroud con el Arsenal en Europa League"},"content":{"rendered":"<p><strong>POR: STAFF FT<\/strong><\/p>\n<p>El delantero del <strong>Arsenal<\/strong>, <strong>Olivier Giroud<\/strong> hizo un verdadero golazo en el duelo de su equipo ante el equipo serbio, <strong>Estrella Roja<\/strong> de Belgrado en duelo correspondiente a la fase de Grupos de la <strong>Europa League<\/strong>.<\/p>\n<p>El franc\u00e9s recibi\u00f3 un centro de <strong>Theo Walcott<\/strong> luego de una pared por lo alto que realizaron, al quedar el bal\u00f3n muy atrasado para el delantero tuvo que lanzarse una especia de chilena que entr\u00f3 en el \u00e1ngulo izquierdo del arco que defend\u00eda\u00a0<strong>Milan Borjan<\/strong> quien mir\u00f3 c\u00f3mo se incrustaba el esf\u00e9rico en los \u00faltimos minutos del encuentro que Arsenal termin\u00f3 ganando.<\/p>\n<blockquote class=\"twitter-video\" data-lang=\"es\">\n<p dir=\"ltr\" lang=\"en\">Wowee, what a goal by Giroud. <a href=\"https:\/\/t.co\/9UCjD2vFin\">pic.twitter.com\/9UCjD2vFin<\/a><\/p>\n<p>\u2014 Renato (@th14Renato) <a href=\"https:\/\/twitter.com\/th14Renato\/status\/921085899487760385?ref_src=twsrc%5Etfw\">19 de octubre de 2017<\/a><\/p><\/blockquote>\n<p><script async src=\"\/\/platform.twitter.com\/widgets.js\" charset=\"utf-8\"><\/script><\/p>\n<p style=\"text-align: center;\"><a href=\"https:\/\/www.futboltotal.com.mx\/manchester-united-arsenal-a-la-espera-marco-reus\/2017\/10\/\" target=\"_blank\" rel=\"noopener\">VER M\u00c1S: Manchester United y Arsenal esperan por Marco Reus<\/a><\/p>\n<p>Con esto el Arsenal se adue\u00f1a de la cima del <strong>Grupo H<\/strong> en la Europa League con 9 puntos en tres partidos, mientras que la segunda plaza la comparte el <strong>BATE Borisov<\/strong> y Estrella Roja con 4 puntos, el <strong>Koln<\/strong> de Alemania es el \u00fanico equipo que no ha sumado hasta el momento en ese sector.<\/p>\n<p>Olivier Giroud nos tiene acostumbrados a este tipo de anotaciones espectaculares, pues recientemente fue nominado al <strong>Premio Puskas<\/strong> por el gol que anot\u00f3 frente al<strong> Crystal Palace<\/strong>. Comparte la terna con la venezolana <strong>Deyna Castellanos\u00a0<\/strong>y el portero sudafricano<strong> Oscarine Masuluke.<\/strong><\/p>\n<p><iframe loading=\"lazy\" src=\"https:\/\/www.youtube.com\/embed\/6zyz1F6bgyU?feature=oembed\" frameborder=\"0\" allowfullscreen><\/iframe><\/p>\n<p style=\"text-align: center;\"><a href=\"https:\/\/www.futboltotal.com.mx\/neymar-recibe-millonaria-multa-evasion-impuestos\/2017\/10\/\" target=\"_blank\" rel=\"noopener\">VER M\u00c1S: Neymar recibe multa millonaria por evasi\u00f3n de impuestos<\/a><\/p>\n","protected":false},"excerpt":{"rendered":"<p>El franc\u00e9s se luci\u00f3 con una chilena poco ortodoxa<\/p>\n","protected":false},"author":159,"featured_media":505583,"comment_status":"closed","ping_status":"closed","sticky":false,"template":"","format":"standard","meta":[],"categories":[4],"tags":[6044,10727,516,6799],"_links":{"self":[{"href":"http:\/\/desarrollo.grupomedios.com\/futbol\/wp-json\/wp\/v2\/posts\/505571"}],"collection":[{"href":"http:\/\/desarrollo.grupomedios.com\/futbol\/wp-json\/wp\/v2\/posts"}],"about":[{"href":"http:\/\/desarrollo.grupomedios.com\/futbol\/wp-json\/wp\/v2\/types\/post"}],"author":[{"embeddable":true,"href":"http:\/\/desarrollo.grupomedios.com\/futbol\/wp-json\/wp\/v2\/users\/159"}],"replies":[{"embeddable":true,"href":"http:\/\/desarrollo.grupomedios.com\/futbol\/wp-json\/wp\/v2\/comments?post=505571"}],"version-history":[{"count":2,"href":"http:\/\/desarrollo.grupomedios.com\/futbol\/wp-json\/wp\/v2\/posts\/505571\/revisions"}],"predecessor-version":[{"id":505588,"href":"http:\/\/desarrollo.grupomedios.com\/futbol\/wp-json\/wp\/v2\/posts\/505571\/revisions\/505588"}],"wp:featuredmedia":[{"embeddable":true,"href":"http:\/\/desarrollo.grupomedios.com\/futbol\/wp-json\/wp\/v2\/media\/505583"}],"wp:attachment":[{"href":"http:\/\/desarrollo.grupomedios.com\/futbol\/wp-json\/wp\/v2\/media?parent=505571"}],"wp:term":[{"taxonomy":"category","embeddable":true,"href":"http:\/\/desarrollo.grupomedios.com\/futbol\/wp-json\/wp\/v2\/categories?post=505571"},{"taxonomy":"post_tag","embeddable":true,"href":"http:\/\/desarrollo.grupomedios.com\/futbol\/wp-json\/wp\/v2\/tags?post=505571"}],"curies":[{"name":"wp","href":"https:\/\/api.w.org\/{rel}","templated":true}]}}