{"id":505613,"date":"2017-10-19T20:01:38","date_gmt":"2017-10-20T01:01:38","guid":{"rendered":"https:\/\/www.futboltotal.com.mx\/?p=505613"},"modified":"2017-10-19T20:01:38","modified_gmt":"2017-10-20T01:01:38","slug":"alvaro-morales-bloqueado-jose-ramon-fernandez-tras-discusion-en-twitter","status":"publish","type":"post","link":"http:\/\/desarrollo.grupomedios.com\/futbol\/cambio-de-juego\/alvaro-morales-bloqueado-jose-ramon-fernandez-tras-discusion-en-twitter\/2017\/10","title":{"rendered":"\u00c1lvaro Morales, bloqueado por Jos\u00e9 Ram\u00f3n Fern\u00e1ndez tras discusi\u00f3n en Twitter"},"content":{"rendered":"<p><strong>POR: STAFF FT<\/strong><\/p>\n<p><strong>\u00c1lvaro Morales<\/strong> se ha metido en la boca del lobo despu\u00e9s de que finalmente sacara de sus casillas a <strong>Jos\u00e9 Ram\u00f3n Fern\u00e1ndez<\/strong> y \u00e9ste lo bloqueara de su cuenta de Twitter.<\/p>\n<p>La gota que habr\u00eda derramado el vaso entre &#8216;Alvarito&#8217; y &#8216;Joserra&#8217; son las burlas que realiz\u00f3 el analista del programa &#8220;Calla y escucha&#8221; de la cadena <em>ESPN<\/em> a las Chivas tras la ca\u00edda en el <strong>Cl\u00e1sico Nacional<\/strong>.<\/p>\n<p>As\u00ed lo dio a conocer \u00c1lvaro Morales en su <strong>cuenta de Twitter<\/strong>, con un mensaje que dice: &#8220;Unos se llevan, pero no se aguantan&#8230;&#8221;<\/p>\n<blockquote class=\"twitter-tweet\" data-lang=\"es\">\n<p dir=\"ltr\" lang=\"es\">Unos se llevan, pero no se aguantan&#8230;<\/p>\n<p>Y ahora que gan\u00f3 el Am\u00e9rica y perdi\u00f3 el Guadalajara \u2014su equipo no oficial\u2014, menos. <a href=\"https:\/\/t.co\/o0p5ERFn4i\">pic.twitter.com\/o0p5ERFn4i<\/a><\/p>\n<p>\u2014 Te carg\u00f3 el payasito (@AlvaritoMorales) <a href=\"https:\/\/twitter.com\/AlvaritoMorales\/status\/920866388608212992?ref_src=twsrc%5Etfw\">19 de octubre de 2017<\/a><\/p><\/blockquote>\n<p><script async src=\"\/\/platform.twitter.com\/widgets.js\" charset=\"utf-8\"><\/script><\/p>\n<p>El problema entre ambos comenz\u00f3 hace una semana cuando \u00c1lvaro Morales dedic\u00f3 un tuit a Jos\u00e9 Ram\u00f3n Fern\u00e1ndez y <strong>David Faitelson<\/strong> donde felicitaba a ambos periodistas por ser &#8220;aficionados al Am\u00e9rica&#8221;.<\/p>\n<blockquote class=\"twitter-tweet\" data-lang=\"es\">\n<p dir=\"ltr\" lang=\"es\">Mi <a href=\"https:\/\/twitter.com\/joserra_espn?ref_src=twsrc%5Etfw\">@joserra_espn<\/a> y <a href=\"https:\/\/twitter.com\/Faitelson_ESPN?ref_src=twsrc%5Etfw\">@Faitelson_ESPN<\/a>, muchas felicidades por el aniversario del Am\u00e9rica.<\/p>\n<p>\u00bfQu\u00e9 ser\u00eda de ustedes sin el Ave de las tempestades?<\/p>\n<p>\u2014 Te carg\u00f3 el payasito (@AlvaritoMorales) <a href=\"https:\/\/twitter.com\/AlvaritoMorales\/status\/918560778734649344?ref_src=twsrc%5Etfw\">12 de octubre de 2017<\/a><\/p><\/blockquote>\n<p><script async src=\"\/\/platform.twitter.com\/widgets.js\" charset=\"utf-8\"><\/script><\/p>\n<p>Y esto fue lo que contest\u00f3 Jos\u00e9 Ram\u00f3n Fern\u00e1ndez a las provocaciones de \u00c1lvaro Morales.<\/p>\n<blockquote class=\"twitter-tweet\" data-lang=\"es\">\n<p dir=\"ltr\" lang=\"es\">Tras 11 JJOO y 10 mundiales el Am\u00e9rica pasa a tercer plano, nunca ser\u00e1s periodista, eres solo un payasito, reventador y provocador. Saludos.<\/p>\n<p>\u2014 Jos\u00e9 Ram\u00f3n Fern\u00e1ndez (@joserra_espn) <a href=\"https:\/\/twitter.com\/joserra_espn\/status\/918590975810899969?ref_src=twsrc%5Etfw\">12 de octubre de 2017<\/a><\/p><\/blockquote>\n<p><script async src=\"\/\/platform.twitter.com\/widgets.js\" charset=\"utf-8\"><\/script><\/p>\n<p>Y tras una serie de dimes y diretes al final se termin\u00f3 la historia con el bloqueo en Twitter de Joserra a Morales.<\/p>\n","protected":false},"excerpt":{"rendered":"<p>Despu\u00e9s de la discusi\u00f3n que molest\u00f3 a Joserra, \u00e9ste bloque\u00f3 a su compa\u00f1ero de trabajo<\/p>\n","protected":false},"author":160,"featured_media":505614,"comment_status":"closed","ping_status":"closed","sticky":false,"template":"","format":"standard","meta":[],"categories":[5419,6411],"tags":[9441,5448,6974,584],"_links":{"self":[{"href":"http:\/\/desarrollo.grupomedios.com\/futbol\/wp-json\/wp\/v2\/posts\/505613"}],"collection":[{"href":"http:\/\/desarrollo.grupomedios.com\/futbol\/wp-json\/wp\/v2\/posts"}],"about":[{"href":"http:\/\/desarrollo.grupomedios.com\/futbol\/wp-json\/wp\/v2\/types\/post"}],"author":[{"embeddable":true,"href":"http:\/\/desarrollo.grupomedios.com\/futbol\/wp-json\/wp\/v2\/users\/160"}],"replies":[{"embeddable":true,"href":"http:\/\/desarrollo.grupomedios.com\/futbol\/wp-json\/wp\/v2\/comments?post=505613"}],"version-history":[{"count":1,"href":"http:\/\/desarrollo.grupomedios.com\/futbol\/wp-json\/wp\/v2\/posts\/505613\/revisions"}],"predecessor-version":[{"id":505615,"href":"http:\/\/desarrollo.grupomedios.com\/futbol\/wp-json\/wp\/v2\/posts\/505613\/revisions\/505615"}],"wp:featuredmedia":[{"embeddable":true,"href":"http:\/\/desarrollo.grupomedios.com\/futbol\/wp-json\/wp\/v2\/media\/505614"}],"wp:attachment":[{"href":"http:\/\/desarrollo.grupomedios.com\/futbol\/wp-json\/wp\/v2\/media?parent=505613"}],"wp:term":[{"taxonomy":"category","embeddable":true,"href":"http:\/\/desarrollo.grupomedios.com\/futbol\/wp-json\/wp\/v2\/categories?post=505613"},{"taxonomy":"post_tag","embeddable":true,"href":"http:\/\/desarrollo.grupomedios.com\/futbol\/wp-json\/wp\/v2\/tags?post=505613"}],"curies":[{"name":"wp","href":"https:\/\/api.w.org\/{rel}","templated":true}]}}