{"id":505656,"date":"2017-10-20T10:27:11","date_gmt":"2017-10-20T15:27:11","guid":{"rendered":"https:\/\/www.futboltotal.com.mx\/?p=505656"},"modified":"2017-10-20T12:07:01","modified_gmt":"2017-10-20T17:07:01","slug":"neymar-confeso-asi-a-xavi-salida-del-barcelona","status":"publish","type":"post","link":"http:\/\/desarrollo.grupomedios.com\/futbol\/futbol-internacional\/neymar-confeso-asi-a-xavi-salida-del-barcelona\/2017\/10","title":{"rendered":"Neymar confes\u00f3 as\u00ed a Xavi su salida del Barcelona"},"content":{"rendered":"<p><strong>POR: STAFF FT<\/strong><\/p>\n<p>M\u00e1s versiones siguen d\u00e1ndose a conocer acerca de la salida de <strong>Neymar<\/strong> del <strong>Barcelona<\/strong>, esta vez brindada por un s\u00edmbolo del club blaugrana, <strong>Xavi Hern\u00e1ndez<\/strong>, quien revel\u00f3 que en su momento el brasile\u00f1o le revel\u00f3 durante la boda de <strong>Lionel Messi<\/strong> que dejar\u00eda a los catalanes.<\/p>\n<p>&#8220;Me dijo que quer\u00eda cambiar de equipo. Le pregunt\u00e9 el motivo y me asegur\u00f3 que no era feliz en Barcelona y que prefer\u00eda abandonar el club. Tener una nueva experiencia en <strong>Europa<\/strong> con el <strong>PSG<\/strong>&#8220;,\u00a0dijo el ex capit\u00e1n y emblema &#8216;cul\u00e9&#8217; en entrevista para la BBC.<\/p>\n<p style=\"text-align: center;\"><a href=\"https:\/\/www.futboltotal.com.mx\/futbol-internacional\/mauro-icardi-se-encuentra-en-la-orbita-del-real-madrid\/2017\/10\" target=\"_blank\" rel=\"noopener\"><span style=\"color: #333399;\">VER M\u00c1S: Mauro Icardi se encuentra en la \u00f3rbita del Real Madrid<\/span><\/a><\/p>\n<p>Incluso, Xavi extern\u00f3 que le respondi\u00f3 a Ney dando su opini\u00f3n sobre la decisi\u00f3n que estaba por tomar.<\/p>\n<p>&#8220;Al final le coment\u00e9: si es tu decisi\u00f3n, nosotros debemos respetarla (&#8230;) Creo que con Neymar y <strong>Mbapp\u00e9<\/strong>, el PSG tiene una gran oportunidad de ganar la Liga de Campeones esta temporada&#8221;, agreg\u00f3.<\/p>\n<h4>&#8220;INTENTARON LLEVARME AL MANCHESTER UNITED&#8221;<\/h4>\n<p>Hern\u00e1ndez tambi\u00e9n habl\u00f3 acerca de la posibilidad que a\u00f1os atr\u00e1s se le present\u00f3 para jugar en la <strong>Premier League<\/strong>, espec\u00edficamente con el <strong>Manchester United<\/strong>.<\/p>\n<p>&#8220;En alguna ocasi\u00f3n habl\u00e9 con el United y con el hermano de <strong>Sir Alex Ferguson<\/strong> porque intentaron llevarme all\u00ed, pero decid\u00ed quedarme en el Barcelona. Siempre estaba pensando en el <strong>Bar\u00e7a<\/strong>, mi club favorito. Llevo al Bar\u00e7a en mi coraz\u00f3n y es el mejor club del mundo&#8221;, dijo.<\/p>\n","protected":false},"excerpt":{"rendered":"<p>Siguen surgiendo versiones de c\u00f3mo se dio la salida del brasile\u00f1o.<\/p>\n","protected":false},"author":154,"featured_media":505662,"comment_status":"closed","ping_status":"closed","sticky":false,"template":"","format":"standard","meta":[],"categories":[3839,3844],"tags":[5984,6012,8554,6001,114,1726],"_links":{"self":[{"href":"http:\/\/desarrollo.grupomedios.com\/futbol\/wp-json\/wp\/v2\/posts\/505656"}],"collection":[{"href":"http:\/\/desarrollo.grupomedios.com\/futbol\/wp-json\/wp\/v2\/posts"}],"about":[{"href":"http:\/\/desarrollo.grupomedios.com\/futbol\/wp-json\/wp\/v2\/types\/post"}],"author":[{"embeddable":true,"href":"http:\/\/desarrollo.grupomedios.com\/futbol\/wp-json\/wp\/v2\/users\/154"}],"replies":[{"embeddable":true,"href":"http:\/\/desarrollo.grupomedios.com\/futbol\/wp-json\/wp\/v2\/comments?post=505656"}],"version-history":[{"count":2,"href":"http:\/\/desarrollo.grupomedios.com\/futbol\/wp-json\/wp\/v2\/posts\/505656\/revisions"}],"predecessor-version":[{"id":505690,"href":"http:\/\/desarrollo.grupomedios.com\/futbol\/wp-json\/wp\/v2\/posts\/505656\/revisions\/505690"}],"wp:featuredmedia":[{"embeddable":true,"href":"http:\/\/desarrollo.grupomedios.com\/futbol\/wp-json\/wp\/v2\/media\/505662"}],"wp:attachment":[{"href":"http:\/\/desarrollo.grupomedios.com\/futbol\/wp-json\/wp\/v2\/media?parent=505656"}],"wp:term":[{"taxonomy":"category","embeddable":true,"href":"http:\/\/desarrollo.grupomedios.com\/futbol\/wp-json\/wp\/v2\/categories?post=505656"},{"taxonomy":"post_tag","embeddable":true,"href":"http:\/\/desarrollo.grupomedios.com\/futbol\/wp-json\/wp\/v2\/tags?post=505656"}],"curies":[{"name":"wp","href":"https:\/\/api.w.org\/{rel}","templated":true}]}}