{"id":505661,"date":"2017-10-20T10:46:07","date_gmt":"2017-10-20T15:46:07","guid":{"rendered":"https:\/\/www.futboltotal.com.mx\/?p=505661"},"modified":"2017-10-20T10:46:07","modified_gmt":"2017-10-20T15:46:07","slug":"alan-pulido-se-perdera-clasicos-ante-atlas","status":"publish","type":"post","link":"http:\/\/desarrollo.grupomedios.com\/futbol\/futbol-mexicano\/alan-pulido-se-perdera-clasicos-ante-atlas\/2017\/10","title":{"rendered":"Alan Pulido se perder\u00e1 los dos Cl\u00e1sicos ante Atlas"},"content":{"rendered":"<p><strong>Alan Pulido<\/strong>, delantero de las <strong>Chivas de Guadalajara<\/strong> estar\u00e1 de baja al menos 3 semanas luego de sufrir una lesi\u00f3n muscular durante el <strong>Cl\u00e1sico Nacional<\/strong> ante el <strong>Am\u00e9rica<\/strong>, al minuto 77 tuvo que ser sustituido por <strong>Jos\u00e9 Juan Mac\u00edas<\/strong>, pues ya no pudo continuar, luego que su equipo ya estaba perdiendo el encuentro.<\/p>\n<blockquote><p>\u201cA Alan le hicieron una ecograf\u00eda y result\u00f3 que tiene una lesi\u00f3n en el isquiotibial de su pierna derecha, por lo cual ser\u00e1 sometido a tratamiento de rehabilitaci\u00f3n de 2 a 3 semanas\u201d, as\u00ed lo expuso el cuerpo m\u00e9dico del Reba\u00f1o, por lo que el delantero se perder\u00e1 varios encuentros:<\/p><\/blockquote>\n<p>El delantero no podr\u00e1 estar presente en el duelo ante <strong>Veracruz, Tijuana<\/strong> y probablemente en el Cl\u00e1sico Tapat\u00edo ante <strong>Atlas<\/strong> de la <strong>Liga MX<\/strong>, mientras que ante los <strong>Rojinegros<\/strong> tambi\u00e9n jugar\u00e1n este mi\u00e9rcoles 25 de octubre por la <strong>Copa MX<\/strong>, duelo en el que Pulido tampoco podr\u00e1 ser parte de los hombres dispuestos por <strong>Mat\u00edas Almeyda<\/strong>.<\/p>\n<p style=\"text-align: center;\"><a href=\"https:\/\/www.futboltotal.com.mx\/futbol-internacional\/mauro-icardi-se-encuentra-en-la-orbita-del-real-madrid\/2017\/10\" target=\"_blank\" rel=\"noopener\">VER M\u00c1S: Mauro Icardi est\u00e1 en la \u00f3rbita del Real Madrid<\/a><\/p>\n<p>Por otro lado, el lateral Rojiblanco, <strong>Jes\u00fas S\u00e1nchez<\/strong>, tambi\u00e9n es duda para el duelo ante Veracruz de la Jornada 14 pues sufri\u00f3 un golpe en la rodilla: \u201cJes\u00fas tuvo una contusi\u00f3n en la rodilla derecha en el partido contra <strong>Monarcas<\/strong>, se sospechaba de una lesi\u00f3n de menisco, pero el menisco est\u00e1 bien, tiene un <strong>edema en la rodilla<\/strong>, antier se intent\u00f3 que trabajara en el campo, pero acumul\u00f3 un poco de l\u00edquido, el cual se le extrajo y ahora est\u00e1 en recuperaci\u00f3n\u201d, estableci\u00f3 el cuerpo m\u00e9dico.<\/p>\n<p>Por \u00faltimo, la buena noticia para el Reba\u00f1o es que ya podr\u00edan tener el regreso de su defensa central,\u00a0<b>Jair Pereira<\/b>, quien viene saliendo de molestias a nivel del pubis: \u201cJair va bien, martes y mi\u00e9rcoles hizo trabajos f\u00edsicos y aer\u00f3bicos y respondi\u00f3 bien, hoy entren\u00f3 con el grupo y estar\u00eda en condiciones de quedar a las \u00f3rdenes del t\u00e9cnico&#8221;.<\/p>\n<p style=\"text-align: center;\"><a href=\"https:\/\/www.futboltotal.com.mx\/futbol-internacional\/barcelona-arsenal-en-disputa-por-delantero-portugues\/2017\/10\" target=\"_blank\" rel=\"noopener\">VER M\u00c1S: Barcelona y Arsenal, en disputa por delantero portugu\u00e9s<\/a><\/p>\n","protected":false},"excerpt":{"rendered":"<p>El delantero del Reba\u00f1o ha vivido un aut\u00e9ntico calvario en este Apertura 2017<\/p>\n","protected":false},"author":159,"featured_media":505666,"comment_status":"closed","ping_status":"closed","sticky":false,"template":"","format":"standard","meta":[],"categories":[2198,3845],"tags":[1607,8357,5961,70,285,64],"_links":{"self":[{"href":"http:\/\/desarrollo.grupomedios.com\/futbol\/wp-json\/wp\/v2\/posts\/505661"}],"collection":[{"href":"http:\/\/desarrollo.grupomedios.com\/futbol\/wp-json\/wp\/v2\/posts"}],"about":[{"href":"http:\/\/desarrollo.grupomedios.com\/futbol\/wp-json\/wp\/v2\/types\/post"}],"author":[{"embeddable":true,"href":"http:\/\/desarrollo.grupomedios.com\/futbol\/wp-json\/wp\/v2\/users\/159"}],"replies":[{"embeddable":true,"href":"http:\/\/desarrollo.grupomedios.com\/futbol\/wp-json\/wp\/v2\/comments?post=505661"}],"version-history":[{"count":1,"href":"http:\/\/desarrollo.grupomedios.com\/futbol\/wp-json\/wp\/v2\/posts\/505661\/revisions"}],"predecessor-version":[{"id":505669,"href":"http:\/\/desarrollo.grupomedios.com\/futbol\/wp-json\/wp\/v2\/posts\/505661\/revisions\/505669"}],"wp:featuredmedia":[{"embeddable":true,"href":"http:\/\/desarrollo.grupomedios.com\/futbol\/wp-json\/wp\/v2\/media\/505666"}],"wp:attachment":[{"href":"http:\/\/desarrollo.grupomedios.com\/futbol\/wp-json\/wp\/v2\/media?parent=505661"}],"wp:term":[{"taxonomy":"category","embeddable":true,"href":"http:\/\/desarrollo.grupomedios.com\/futbol\/wp-json\/wp\/v2\/categories?post=505661"},{"taxonomy":"post_tag","embeddable":true,"href":"http:\/\/desarrollo.grupomedios.com\/futbol\/wp-json\/wp\/v2\/tags?post=505661"}],"curies":[{"name":"wp","href":"https:\/\/api.w.org\/{rel}","templated":true}]}}