{"id":505675,"date":"2017-10-20T12:05:28","date_gmt":"2017-10-20T17:05:28","guid":{"rendered":"https:\/\/www.futboltotal.com.mx\/?p=505675"},"modified":"2017-10-20T12:05:54","modified_gmt":"2017-10-20T17:05:54","slug":"ex-jugador-colombia-del-puebla-vinculado-narcotrafico","status":"publish","type":"post","link":"http:\/\/desarrollo.grupomedios.com\/futbol\/futbol-mexicano\/ex-jugador-colombia-del-puebla-vinculado-narcotrafico\/2017\/10","title":{"rendered":"Ex jugador de Colombia y del Puebla, vinculado con narcotr\u00e1fico"},"content":{"rendered":"<p><strong>POR: STAFF FT<\/strong><\/p>\n<p>El ex jugador\u00a0<strong>Mauricio Serna<\/strong> es recordado por haber defendido las playeras de la selecci\u00f3n de <strong>Colombia<\/strong> y de <strong>Boca Juniors<\/strong>, as\u00ed como por su paso por el futbol mexicano con el <strong>Puebla<\/strong>, pero ahora se ha dado a conocer que el retirado jugador ha sido vinculado con el <strong>narcotr\u00e1fico<\/strong>.<\/p>\n<p>De acuerdo a informaci\u00f3n del diario El Clar\u00edn ser\u00eda llamado a indagatoria por el juez <strong>N\u00e9stor Barral<\/strong> debido a que el empresario argentino <strong>Mateo Colvo Dolcet<\/strong>, detenido por lavado de dinero y bienes provenientes del narcotr\u00e1fico, mencion\u00f3 al &#8216;<strong>Chicho<\/strong>&#8216; Serna en su declaraci\u00f3n.<\/p>\n<p style=\"text-align: center;\"><a href=\"https:\/\/www.futboltotal.com.mx\/futbol-mexicano\/jorge-torres-nilo-se-confiesa-pasado\/2017\/10\" target=\"_blank\" rel=\"noopener\"><span style=\"color: #333399;\">VER M\u00c1S: Jorge Torres Nilo confes\u00f3 robo y temas de prostituci\u00f3n en su pasado<\/span><\/a><\/p>\n<p>Seg\u00fan Colvo,\u00a0el narcotraficante <strong>Jos\u00e9 Piedrahita Ceballos<\/strong>, recientemente detenido en Colombia, le propuso hacer un &#8220;cambalache&#8221; (intercambio) de bienes con Serna, el cual se llev\u00f3 a cabo.<\/p>\n<h4>RELACIONADO CON FAMILIA DE PABLO ESCOBAR<\/h4>\n<p>Entre los bienes est\u00e1n propiedades como un veh\u00edculo Land Cruiser \u00faltimo modelo, un Volkswagen Bora, una casa amoblada en la zona country San Diego en Argentina con valor de un mill\u00f3n de d\u00f3lares, un departamento amoblado sobre la avenida Del Libertador (en la zona de Olivos) y dos terrenos en un barrio privado en General Rodr\u00edguez.<\/p>\n<p>Serna ser\u00e1 citado a declarar en este caso, en el que tambi\u00e9n est\u00e1n vinculados \u00a0la viuda y el hijo del fallecido capo <strong>Pablo Escobar<\/strong>, <strong>Mar\u00eda Victoria Henao<\/strong> y \u00a0<strong>Juan Pablo Escobar<\/strong>.<\/p>\n","protected":false},"excerpt":{"rendered":"<p>Mauricio Serna est\u00e1 involucrado con familiares del fallecido Pablo Escobar.<\/p>\n","protected":false},"author":154,"featured_media":505683,"comment_status":"closed","ping_status":"closed","sticky":false,"template":"","format":"standard","meta":[],"categories":[5419,3839,2198],"tags":[1683,10749,6005,10750,10748,10747,6928,505,5969],"_links":{"self":[{"href":"http:\/\/desarrollo.grupomedios.com\/futbol\/wp-json\/wp\/v2\/posts\/505675"}],"collection":[{"href":"http:\/\/desarrollo.grupomedios.com\/futbol\/wp-json\/wp\/v2\/posts"}],"about":[{"href":"http:\/\/desarrollo.grupomedios.com\/futbol\/wp-json\/wp\/v2\/types\/post"}],"author":[{"embeddable":true,"href":"http:\/\/desarrollo.grupomedios.com\/futbol\/wp-json\/wp\/v2\/users\/154"}],"replies":[{"embeddable":true,"href":"http:\/\/desarrollo.grupomedios.com\/futbol\/wp-json\/wp\/v2\/comments?post=505675"}],"version-history":[{"count":2,"href":"http:\/\/desarrollo.grupomedios.com\/futbol\/wp-json\/wp\/v2\/posts\/505675\/revisions"}],"predecessor-version":[{"id":505688,"href":"http:\/\/desarrollo.grupomedios.com\/futbol\/wp-json\/wp\/v2\/posts\/505675\/revisions\/505688"}],"wp:featuredmedia":[{"embeddable":true,"href":"http:\/\/desarrollo.grupomedios.com\/futbol\/wp-json\/wp\/v2\/media\/505683"}],"wp:attachment":[{"href":"http:\/\/desarrollo.grupomedios.com\/futbol\/wp-json\/wp\/v2\/media?parent=505675"}],"wp:term":[{"taxonomy":"category","embeddable":true,"href":"http:\/\/desarrollo.grupomedios.com\/futbol\/wp-json\/wp\/v2\/categories?post=505675"},{"taxonomy":"post_tag","embeddable":true,"href":"http:\/\/desarrollo.grupomedios.com\/futbol\/wp-json\/wp\/v2\/tags?post=505675"}],"curies":[{"name":"wp","href":"https:\/\/api.w.org\/{rel}","templated":true}]}}