{"id":505680,"date":"2017-10-20T11:59:28","date_gmt":"2017-10-20T16:59:28","guid":{"rendered":"https:\/\/www.futboltotal.com.mx\/?p=505680"},"modified":"2017-10-20T11:59:28","modified_gmt":"2017-10-20T16:59:28","slug":"mancester-city-ira-alexis-sanchez-en-meracdo-invierno","status":"publish","type":"post","link":"http:\/\/desarrollo.grupomedios.com\/futbol\/futbol-internacional\/mancester-city-ira-alexis-sanchez-en-meracdo-invierno\/2017\/10","title":{"rendered":"Mancester City ir\u00e1 por Alexis S\u00e1nchez en meracdo de invierno"},"content":{"rendered":"<p>A pesar del comienzo aplastador que est\u00e1 teniendo el <strong>Manchester City<\/strong> en la <strong>Premier League<\/strong> y mantiene el paso en la <strong>Champions League<\/strong>, el conjunto de <strong>Pep Guardiola<\/strong> quiere seguir reforzando su plantilla.<\/p>\n<p>El t\u00e9cnico catal\u00e1n quiere tener un equipo poderoso para poder lograr sus objetivos y es por ello que en el mercado de invierno ir\u00e1 con todo por la compra de <strong>Alexis S\u00e1nchez<\/strong>.<\/p>\n<p style=\"text-align: center;\"><span style=\"color: #3366ff;\"><a href=\"https:\/\/www.futboltotal.com.mx\/futbol-internacional\/harry-kane-suena-ganar-balon-oro\/2017\/10\">VER M\u00c1S: Harry Kane sue\u00f1a con ganar el Bal\u00f3n de Oro<\/a><\/span><\/p>\n<p>Los <strong>citizens<\/strong> quieren aprovechar que hace unas semanas el t\u00e9cnico del <strong>Arsenal<\/strong>, <strong>Arsene Wenger<\/strong> confes\u00f3 que podr\u00edan vender al chileno y los actuales l\u00edderes del futbol ingl\u00e9s ser\u00edan los primeros formados en la fila para pujar por el atacante.<\/p>\n<p>Otro de los motivos por los que el <strong>Ni\u00f1o Maravailla<\/strong> tendr\u00eda un pie en el Manchester City, es que en verano de 2018 termina contrato con los <strong>Gunners<\/strong>, por lo que el conjunto de Londres prefiere venderlo en el inicio del pr\u00f3ximo a\u00f1o antes de que se arregle con los citizens y salga gratis durante el mercado de transferencias.<\/p>\n<p>Pep Guardiola y el Manchester City quieren competir con los grandes de Europa, pues su ambici\u00f3n sigue siendo la Champions League y con la llegada de Alexis buscar\u00edan competir contra sus rivales millonarios, el <strong>PSG<\/strong>.<\/p>\n<p style=\"text-align: center;\"><a href=\"https:\/\/www.futboltotal.com.mx\/futbol-internacional\/liga-de-espana\/neymar-confeso-asi-a-xavi-salida-del-barcelona\/2017\/10\">VER M\u00c1S: Neymar confes\u00f3 as\u00ed a Xavi su salida del Barcelona<\/a><\/p>\n","protected":false},"excerpt":{"rendered":"<p>El equipo de Guardiola quiere pelear todas las competencias.<\/p>\n","protected":false},"author":129,"featured_media":456914,"comment_status":"closed","ping_status":"closed","sticky":false,"template":"","format":"standard","meta":[],"categories":[3839,3846],"tags":[6053,2177,147,6214,600,2830,5993,1791,334,114],"_links":{"self":[{"href":"http:\/\/desarrollo.grupomedios.com\/futbol\/wp-json\/wp\/v2\/posts\/505680"}],"collection":[{"href":"http:\/\/desarrollo.grupomedios.com\/futbol\/wp-json\/wp\/v2\/posts"}],"about":[{"href":"http:\/\/desarrollo.grupomedios.com\/futbol\/wp-json\/wp\/v2\/types\/post"}],"author":[{"embeddable":true,"href":"http:\/\/desarrollo.grupomedios.com\/futbol\/wp-json\/wp\/v2\/users\/129"}],"replies":[{"embeddable":true,"href":"http:\/\/desarrollo.grupomedios.com\/futbol\/wp-json\/wp\/v2\/comments?post=505680"}],"version-history":[{"count":1,"href":"http:\/\/desarrollo.grupomedios.com\/futbol\/wp-json\/wp\/v2\/posts\/505680\/revisions"}],"predecessor-version":[{"id":505682,"href":"http:\/\/desarrollo.grupomedios.com\/futbol\/wp-json\/wp\/v2\/posts\/505680\/revisions\/505682"}],"wp:featuredmedia":[{"embeddable":true,"href":"http:\/\/desarrollo.grupomedios.com\/futbol\/wp-json\/wp\/v2\/media\/456914"}],"wp:attachment":[{"href":"http:\/\/desarrollo.grupomedios.com\/futbol\/wp-json\/wp\/v2\/media?parent=505680"}],"wp:term":[{"taxonomy":"category","embeddable":true,"href":"http:\/\/desarrollo.grupomedios.com\/futbol\/wp-json\/wp\/v2\/categories?post=505680"},{"taxonomy":"post_tag","embeddable":true,"href":"http:\/\/desarrollo.grupomedios.com\/futbol\/wp-json\/wp\/v2\/tags?post=505680"}],"curies":[{"name":"wp","href":"https:\/\/api.w.org\/{rel}","templated":true}]}}