{"id":505686,"date":"2017-10-20T12:03:50","date_gmt":"2017-10-20T17:03:50","guid":{"rendered":"https:\/\/www.futboltotal.com.mx\/?p=505686"},"modified":"2017-10-20T13:08:49","modified_gmt":"2017-10-20T18:08:49","slug":"te-acuerdas-gol-oro-del-misionero-castillo-ante-necaxa","status":"publish","type":"post","link":"http:\/\/desarrollo.grupomedios.com\/futbol\/destacado-home\/te-acuerdas-gol-oro-del-misionero-castillo-ante-necaxa\/2017\/10","title":{"rendered":"\u00bfTe acuerdas de&#8230; el gol de oro del &#8216;Misionero&#8217; Castillo ante Necaxa?"},"content":{"rendered":"<p>Este fin de semana,<strong> Am\u00e9rica<\/strong> enfrentar\u00e1 a <strong>Necaxa<\/strong> en la <strong>Jornada 14<\/strong> del torneo de <strong>Apertura 2017 de la Liga MX<\/strong> en la cancha del <strong>estadio Azteca<\/strong>, recinto que fue casa de ambos equipos hace unos a\u00f1os y que vivi\u00f3 una Final.<\/p>\n<p>Aquel encuentro fue en el torneo de <strong>Verano 2002<\/strong> cuando<strong> \u00c1guilas<\/strong> y<strong> Rayos<\/strong> se vieron la cara en el partido por el t\u00edtulo y que vio al argentino<strong> Hugo Norberto Castillo<\/strong> como la figura del encuentro.<\/p>\n<p>En el partido de vuelta, el Misionero acab\u00f3 con una sequ\u00eda de 13 a\u00f1os sin t\u00edtulo para el Am\u00e9rica. Es por ello que en <strong>Futbol Total<\/strong> revivimos el momento con:\u00a0<strong>\u00bfTe acuerdas de&#8230; el gol de oro del &#8216;Misionero&#8217; Castillo ante Necaxa?<\/strong><\/p>\n<p style=\"text-align: center;\"><span style=\"color: #3366ff;\"><a href=\"https:\/\/www.futboltotal.com.mx\/futbol-mexicano\/liga-mx\/hector-moreno-esta-interesado-en-jugar-en-america\/2017\/10\">VER M\u00c1S: H\u00e9ctor Moreno est\u00e1 interesado en jugar en Am\u00e9rica<\/a><\/span><\/p>\n<p>[video_player]https:\/\/player.vimeo.com\/external\/239144818.hd.mp4?s=c9276f26c68ae6f8d1be0fcae1f780209901f85d&#038;profile_id=174[\/video_player]<\/p>\n","protected":false},"excerpt":{"rendered":"<p>Hugo Castillo marc\u00f3 el gol del t\u00edtulo para las \u00c1guilas.<\/p>\n","protected":false},"author":129,"featured_media":505691,"comment_status":"closed","ping_status":"closed","sticky":false,"template":"","format":"standard","meta":[],"categories":[5,2198,3845],"tags":[2626,5959,554,10752,3883,10753,64,10754,261,10755,10751],"_links":{"self":[{"href":"http:\/\/desarrollo.grupomedios.com\/futbol\/wp-json\/wp\/v2\/posts\/505686"}],"collection":[{"href":"http:\/\/desarrollo.grupomedios.com\/futbol\/wp-json\/wp\/v2\/posts"}],"about":[{"href":"http:\/\/desarrollo.grupomedios.com\/futbol\/wp-json\/wp\/v2\/types\/post"}],"author":[{"embeddable":true,"href":"http:\/\/desarrollo.grupomedios.com\/futbol\/wp-json\/wp\/v2\/users\/129"}],"replies":[{"embeddable":true,"href":"http:\/\/desarrollo.grupomedios.com\/futbol\/wp-json\/wp\/v2\/comments?post=505686"}],"version-history":[{"count":1,"href":"http:\/\/desarrollo.grupomedios.com\/futbol\/wp-json\/wp\/v2\/posts\/505686\/revisions"}],"predecessor-version":[{"id":505695,"href":"http:\/\/desarrollo.grupomedios.com\/futbol\/wp-json\/wp\/v2\/posts\/505686\/revisions\/505695"}],"wp:featuredmedia":[{"embeddable":true,"href":"http:\/\/desarrollo.grupomedios.com\/futbol\/wp-json\/wp\/v2\/media\/505691"}],"wp:attachment":[{"href":"http:\/\/desarrollo.grupomedios.com\/futbol\/wp-json\/wp\/v2\/media?parent=505686"}],"wp:term":[{"taxonomy":"category","embeddable":true,"href":"http:\/\/desarrollo.grupomedios.com\/futbol\/wp-json\/wp\/v2\/categories?post=505686"},{"taxonomy":"post_tag","embeddable":true,"href":"http:\/\/desarrollo.grupomedios.com\/futbol\/wp-json\/wp\/v2\/tags?post=505686"}],"curies":[{"name":"wp","href":"https:\/\/api.w.org\/{rel}","templated":true}]}}