{"id":505716,"date":"2017-10-20T14:00:24","date_gmt":"2017-10-20T19:00:24","guid":{"rendered":"https:\/\/www.futboltotal.com.mx\/?p=505716"},"modified":"2017-10-20T14:00:24","modified_gmt":"2017-10-20T19:00:24","slug":"mesut-ozil-ya-aviso-se-marchara-al-manchester-united","status":"publish","type":"post","link":"http:\/\/desarrollo.grupomedios.com\/futbol\/futbol-internacional\/mesut-ozil-ya-aviso-se-marchara-al-manchester-united\/2017\/10","title":{"rendered":"Mesut \u00d6zil ya avis\u00f3 que se marchar\u00e1 al Manchester United"},"content":{"rendered":"<p><strong>POR: STAFF FT<\/strong><\/p>\n<p><strong>Mesut \u00d6zil,\u00a0<\/strong>mediocampista alem\u00e1n, podr\u00eda tener los d\u00edas contados en el <strong>Arsenal<\/strong>, pues no se encuentra c\u00f3modo ya que ha perdido protagonismo en el conjunto de <strong>Arsene Wenger<\/strong>, aunado a que termina contrato con los <strong>Gunners<\/strong> en junio del 2018, por lo que el club londinense buscar\u00e1 sacar ganancias este mercado invernal para que no se marche libre.<\/p>\n<p>De acuerdo al\u00a0Daily Mirror, el alem\u00e1n ya habr\u00eda comunicado sus compa\u00f1eros de antemano que se marchar\u00e1 al <strong>Manchester United<\/strong> de <strong>Jos\u00e9 Mourinho<\/strong>, quien personalmente lo ha solicitado para reforzar su medio campo y con la duda de saber si <strong>Ander Herrera<\/strong> permanecer\u00e1 en el conjunto de los <strong>Red Devils<\/strong>.<\/p>\n<p style=\"text-align: center;\"><a href=\"https:\/\/www.futboltotal.com.mx\/futbol-mexicano\/liga-mx\/hector-moreno-esta-interesado-en-jugar-en-america\/2017\/10\" target=\"_blank\" rel=\"noopener\">VER M\u00c1S: H\u00e9ctor Herrera est\u00e1 interesado en jugar con Am\u00e9rica<\/a><\/p>\n<p>De esta forma, \u00d6zil volver\u00eda a encontrarse con el estratega portugu\u00e9s, pues de 2012 a 2014 coincidieron en el <strong>Real Madrid<\/strong>, por la misma raz\u00f3n el lusitano ha pedido al mediocampista alem\u00e1n en su conjunto, teniendo en cuenta que las negociaciones con el Arsenal se han trabado e incluso ya han hecho desconocimiento p\u00fablico que ya esperan su marcha junto a la de<strong> Alexis S\u00e1nchez<\/strong>.<\/p>\n<p>En esta campa\u00f1a, Mesut ha jugado seis encuentros de <strong>Premier League<\/strong> y no ha logrado disputar un solo minuto en los tres encuentros de <strong>Europa League<\/strong>. Cuatro partidos los vivi\u00f3 como titular, tras una peque\u00f1a lesi\u00f3n lo ha relegado al banquillo algo que al alem\u00e1n no le ha parecido pues espera tener minutos de cara al Mundial de Rusia 2018, pues con la <strong>Selecci\u00f3n de Alemania<\/strong> es un indiscutible.<\/p>\n<p style=\"text-align: center;\"><a href=\"https:\/\/www.futboltotal.com.mx\/futbol-internacional\/mauro-icardi-se-encuentra-en-la-orbita-del-real-madrid\/2017\/10\" target=\"_blank\" rel=\"noopener\">VER M\u00c1S: Mauro Icardi est\u00e1 en la \u00f3rbita del Real Madrid<\/a><\/p>\n<p>&nbsp;<\/p>\n","protected":false},"excerpt":{"rendered":"<p>El alem\u00e1n busca su salida porque ha perdido la titularidad <\/p>\n","protected":false},"author":159,"featured_media":505717,"comment_status":"closed","ping_status":"closed","sticky":false,"template":"","format":"standard","meta":[],"categories":[7740,3839],"tags":[6044,43,465,334],"_links":{"self":[{"href":"http:\/\/desarrollo.grupomedios.com\/futbol\/wp-json\/wp\/v2\/posts\/505716"}],"collection":[{"href":"http:\/\/desarrollo.grupomedios.com\/futbol\/wp-json\/wp\/v2\/posts"}],"about":[{"href":"http:\/\/desarrollo.grupomedios.com\/futbol\/wp-json\/wp\/v2\/types\/post"}],"author":[{"embeddable":true,"href":"http:\/\/desarrollo.grupomedios.com\/futbol\/wp-json\/wp\/v2\/users\/159"}],"replies":[{"embeddable":true,"href":"http:\/\/desarrollo.grupomedios.com\/futbol\/wp-json\/wp\/v2\/comments?post=505716"}],"version-history":[{"count":1,"href":"http:\/\/desarrollo.grupomedios.com\/futbol\/wp-json\/wp\/v2\/posts\/505716\/revisions"}],"predecessor-version":[{"id":505718,"href":"http:\/\/desarrollo.grupomedios.com\/futbol\/wp-json\/wp\/v2\/posts\/505716\/revisions\/505718"}],"wp:featuredmedia":[{"embeddable":true,"href":"http:\/\/desarrollo.grupomedios.com\/futbol\/wp-json\/wp\/v2\/media\/505717"}],"wp:attachment":[{"href":"http:\/\/desarrollo.grupomedios.com\/futbol\/wp-json\/wp\/v2\/media?parent=505716"}],"wp:term":[{"taxonomy":"category","embeddable":true,"href":"http:\/\/desarrollo.grupomedios.com\/futbol\/wp-json\/wp\/v2\/categories?post=505716"},{"taxonomy":"post_tag","embeddable":true,"href":"http:\/\/desarrollo.grupomedios.com\/futbol\/wp-json\/wp\/v2\/tags?post=505716"}],"curies":[{"name":"wp","href":"https:\/\/api.w.org\/{rel}","templated":true}]}}