{"id":505719,"date":"2017-10-20T14:30:47","date_gmt":"2017-10-20T19:30:47","guid":{"rendered":"https:\/\/www.futboltotal.com.mx\/?p=505719"},"modified":"2017-10-20T14:30:47","modified_gmt":"2017-10-20T19:30:47","slug":"america-piojo-sin-quintero-ni-oribe-en-11-inicial-ante-necaxa","status":"publish","type":"post","link":"http:\/\/desarrollo.grupomedios.com\/futbol\/futbol-mexicano\/america-piojo-sin-quintero-ni-oribe-en-11-inicial-ante-necaxa\/2017\/10","title":{"rendered":"Am\u00e9rica y &#8216;Piojo&#8217;, sin Quintero ni Oribe en 11 inicial ante Necaxa"},"content":{"rendered":"<p><strong>POR: STAFF FT<\/strong><\/p>\n<p>Luego de sumar sendas victorias en los <strong>Cl\u00e1sicos<\/strong> ante <strong>Cruz Azul<\/strong> y <strong>Chivas<\/strong>, el <strong>Am\u00e9rica<\/strong> realizar\u00e1 rotaciones ante <strong>Necaxa<\/strong> en busca de dosificar a sus jugadores, esto por decisi\u00f3n del t\u00e9cnico <strong>Miguel &#8216;Piojo&#8217; Herrera<\/strong> que no ver\u00e1n acci\u00f3n sus referentes ofensivos, ni <strong>Carlos Darwin Quintero<\/strong> ni <strong>Oribe Peralta<\/strong>.<\/p>\n<p>Herrera, a un d\u00eda del partido ante los <strong>Rayos<\/strong>, revel\u00f3 el 11 inicial con el que las <strong>\u00c1guilas<\/strong> encarar\u00e1n el juego, en el que no estar\u00e1n ni el colombiano ni el &#8216;<strong>Cepillo<\/strong>&#8216;.<\/p>\n<p style=\"text-align: center;\"><a href=\"https:\/\/www.futboltotal.com.mx\/futbol-mexicano\/liga-mx\/hector-moreno-esta-interesado-en-jugar-en-america\/2017\/10\" target=\"_blank\" rel=\"noopener\"><span style=\"color: #333399;\">VER M\u00c1S: H\u00e9ctor Moreno est\u00e1 interesado en jugar en el Am\u00e9rica<\/span><\/a><\/p>\n<p>El Am\u00e9rica arrancar\u00e1 el juego con\u00a0<strong>Agust\u00edn Marches\u00edn, Paul Aguilar, Edson \u00c1lvarez, Bruno Valdez, Miguel Samudio, Guido Rodr\u00edguez, Mateus Uribe, Cecilio Dominguez, Renato Ibarra<\/strong>,<strong> Silvio Romero y Alejandro D\u00edaz<\/strong>.<\/p>\n<p>&nbsp;<\/p>\n<blockquote class=\"twitter-video\" data-lang=\"es\">\n<p dir=\"ltr\" lang=\"es\">Tiros en el Nido \u26bd\ufe0f+<a href=\"https:\/\/twitter.com\/hashtag\/Siempre%C3%81guilas?src=hash&amp;ref_src=twsrc%5Etfw\">#Siempre\u00c1guilas<\/a>  <a href=\"https:\/\/t.co\/soO68xoMGU\">pic.twitter.com\/soO68xoMGU<\/a><\/p>\n<p>\u2014 Club Am\u00e9rica (@ClubAmerica) <a href=\"https:\/\/twitter.com\/ClubAmerica\/status\/921421320960712705?ref_src=twsrc%5Etfw\">20 de octubre de 2017<\/a><\/p><\/blockquote>\n<p><script async src=\"\/\/platform.twitter.com\/widgets.js\" charset=\"utf-8\"><\/script><\/p>\n<p>De esta alineaci\u00f3n destaca el paraguayo Cecilio Dom\u00ednguez, quien durante los \u00faltimos partidos ha mostrado una baja de juego, lo que caus\u00f3 que no volviera a ser titular desde la Jornada 9 de Liga MX ante <strong>Xolos<\/strong>.<\/p>\n<p>&nbsp;<\/p>\n<blockquote class=\"twitter-tweet\" data-lang=\"es\">\n<p dir=\"ltr\" lang=\"es\"> <a href=\"https:\/\/twitter.com\/MiguelHerreraDT?ref_src=twsrc%5Etfw\">@MiguelHerreraDT<\/a> en Conferencia de Prensa<a href=\"https:\/\/twitter.com\/hashtag\/Siempre%C3%81guilas?src=hash&amp;ref_src=twsrc%5Etfw\">#Siempre\u00c1guilas<\/a>  <a href=\"https:\/\/t.co\/1oK33vdUiW\">pic.twitter.com\/1oK33vdUiW<\/a><\/p>\n<p>\u2014 Club Am\u00e9rica (@ClubAmerica) <a href=\"https:\/\/twitter.com\/ClubAmerica\/status\/921434266432454656?ref_src=twsrc%5Etfw\">20 de octubre de 2017<\/a><\/p><\/blockquote>\n<p><script async src=\"\/\/platform.twitter.com\/widgets.js\" charset=\"utf-8\"><\/script><\/p>\n","protected":false},"excerpt":{"rendered":"<p>Las \u00c1guilas har\u00e1n rotaciones en su cuadro titular para enfrentar a los Rayos.<\/p>\n","protected":false},"author":154,"featured_media":505720,"comment_status":"closed","ping_status":"closed","sticky":false,"template":"","format":"standard","meta":[],"categories":[2198,3845],"tags":[1585,5959,2647,7895,255,261,62,6157,263],"_links":{"self":[{"href":"http:\/\/desarrollo.grupomedios.com\/futbol\/wp-json\/wp\/v2\/posts\/505719"}],"collection":[{"href":"http:\/\/desarrollo.grupomedios.com\/futbol\/wp-json\/wp\/v2\/posts"}],"about":[{"href":"http:\/\/desarrollo.grupomedios.com\/futbol\/wp-json\/wp\/v2\/types\/post"}],"author":[{"embeddable":true,"href":"http:\/\/desarrollo.grupomedios.com\/futbol\/wp-json\/wp\/v2\/users\/154"}],"replies":[{"embeddable":true,"href":"http:\/\/desarrollo.grupomedios.com\/futbol\/wp-json\/wp\/v2\/comments?post=505719"}],"version-history":[{"count":1,"href":"http:\/\/desarrollo.grupomedios.com\/futbol\/wp-json\/wp\/v2\/posts\/505719\/revisions"}],"predecessor-version":[{"id":505722,"href":"http:\/\/desarrollo.grupomedios.com\/futbol\/wp-json\/wp\/v2\/posts\/505719\/revisions\/505722"}],"wp:featuredmedia":[{"embeddable":true,"href":"http:\/\/desarrollo.grupomedios.com\/futbol\/wp-json\/wp\/v2\/media\/505720"}],"wp:attachment":[{"href":"http:\/\/desarrollo.grupomedios.com\/futbol\/wp-json\/wp\/v2\/media?parent=505719"}],"wp:term":[{"taxonomy":"category","embeddable":true,"href":"http:\/\/desarrollo.grupomedios.com\/futbol\/wp-json\/wp\/v2\/categories?post=505719"},{"taxonomy":"post_tag","embeddable":true,"href":"http:\/\/desarrollo.grupomedios.com\/futbol\/wp-json\/wp\/v2\/tags?post=505719"}],"curies":[{"name":"wp","href":"https:\/\/api.w.org\/{rel}","templated":true}]}}