{"id":505724,"date":"2017-10-20T14:59:29","date_gmt":"2017-10-20T19:59:29","guid":{"rendered":"https:\/\/www.futboltotal.com.mx\/?p=505724"},"modified":"2017-10-20T14:59:29","modified_gmt":"2017-10-20T19:59:29","slug":"luis-hernandez-golpeo-david-oteo-pelea-america-pumas","status":"publish","type":"post","link":"http:\/\/desarrollo.grupomedios.com\/futbol\/videos\/luis-hernandez-golpeo-david-oteo-pelea-america-pumas\/2017\/10","title":{"rendered":"Luis Hern\u00e1ndez golpe\u00f3 a David Oteo: Pelea Am\u00e9rica vs Pumas"},"content":{"rendered":"<p><strong>POR: STAFF FT<\/strong><\/p>\n<p>Ex futbolistas de <strong>Pumas<\/strong> y <strong>Am\u00e9rica<\/strong> realizaron un encuentro de leyendas, el cual pas\u00f3 a segundo t\u00e9rmino pues en medio del encuentro se present\u00f3 un hecho violento cuando el ex futbolista de las <strong>\u00c1guilas<\/strong>\u00a0<strong>Luis Hern\u00e1ndez\u00a0<\/strong>agredi\u00f3 a un ex de Pumas con un pu\u00f1etazo.<\/p>\n<p>Durante el encuentro disputado en Campeche, Yucat\u00e1n, el <strong>&#8216;Matador&#8217; Hern\u00e1ndez<\/strong> se hizo de palabras con el ex defensa, <strong>David Oteo<\/strong>, mientras que el resto de los futbolistas intentaban separarlos para que no pasara a mayores, el ex americanista le propin\u00f3 un pu\u00f1etazo al jugador del conjunto universitario.<\/p>\n<p style=\"text-align: center;\"><a href=\"https:\/\/www.futboltotal.com.mx\/futbol-internacional\/iker-casillas-suplente-en-porto-culpa-telefono\/2017\/10\" target=\"_blank\" rel=\"noopener\">VER M\u00c1S: Iker Casillas, suplente del Porto por culpa de su tel\u00e9fono<\/a><\/p>\n<p>Posteriormente,<strong> Alberto Garc\u00eda Aspe<\/strong> se encarg\u00f3 de tomar a Hern\u00e1ndez de la camiseta y separarlo de la situaci\u00f3n, por su parte, Oteo no respondi\u00f3 la agresi\u00f3n que le hizo el futbolista. El encuentro al final termin\u00f3 con un empata a dos goles.<\/p>\n<p>Luis Hern\u00e1ndez jug\u00f3 con el <strong>Am\u00e9rica<\/strong> del 2000 al 2002, mientras que David Oteo jug\u00f3 con los de la <strong>UNAM<\/strong> de 1992 a 1999.<\/p>\n<p><iframe loading=\"lazy\" style=\"border: none; overflow: hidden;\" src=\"https:\/\/www.facebook.com\/plugins\/video.php?href=https%3A%2F%2Fwww.facebook.com%2Ftelesurcampeche%2Fvideos%2F10155830519989732%2F&amp;show_text=0&amp;width=560\" frameborder=\"0\" scrolling=\"no\" allowfullscreen=\"allowfullscreen\"><\/iframe><\/p>\n<p style=\"text-align: center;\"><a href=\"https:\/\/www.futboltotal.com.mx\/futbol-internacional\/mesut-ozil-ya-aviso-se-marchara-al-manchester-united\/2017\/10\" target=\"_blank\" rel=\"noopener\">VER M\u00c1S: Mesut \u00d6zil ya avis\u00f3 a sus compa\u00f1eros que se marcha al Manchester United<\/a><\/p>\n","protected":false},"excerpt":{"rendered":"<p>El ex americanista se mostr\u00f3 violento en un encuentro de leyendas<\/p>\n","protected":false},"author":159,"featured_media":505735,"comment_status":"closed","ping_status":"closed","sticky":false,"template":"","format":"standard","meta":[],"categories":[2198,4],"tags":[5959,10762,2113,10761,74],"_links":{"self":[{"href":"http:\/\/desarrollo.grupomedios.com\/futbol\/wp-json\/wp\/v2\/posts\/505724"}],"collection":[{"href":"http:\/\/desarrollo.grupomedios.com\/futbol\/wp-json\/wp\/v2\/posts"}],"about":[{"href":"http:\/\/desarrollo.grupomedios.com\/futbol\/wp-json\/wp\/v2\/types\/post"}],"author":[{"embeddable":true,"href":"http:\/\/desarrollo.grupomedios.com\/futbol\/wp-json\/wp\/v2\/users\/159"}],"replies":[{"embeddable":true,"href":"http:\/\/desarrollo.grupomedios.com\/futbol\/wp-json\/wp\/v2\/comments?post=505724"}],"version-history":[{"count":1,"href":"http:\/\/desarrollo.grupomedios.com\/futbol\/wp-json\/wp\/v2\/posts\/505724\/revisions"}],"predecessor-version":[{"id":505736,"href":"http:\/\/desarrollo.grupomedios.com\/futbol\/wp-json\/wp\/v2\/posts\/505724\/revisions\/505736"}],"wp:featuredmedia":[{"embeddable":true,"href":"http:\/\/desarrollo.grupomedios.com\/futbol\/wp-json\/wp\/v2\/media\/505735"}],"wp:attachment":[{"href":"http:\/\/desarrollo.grupomedios.com\/futbol\/wp-json\/wp\/v2\/media?parent=505724"}],"wp:term":[{"taxonomy":"category","embeddable":true,"href":"http:\/\/desarrollo.grupomedios.com\/futbol\/wp-json\/wp\/v2\/categories?post=505724"},{"taxonomy":"post_tag","embeddable":true,"href":"http:\/\/desarrollo.grupomedios.com\/futbol\/wp-json\/wp\/v2\/tags?post=505724"}],"curies":[{"name":"wp","href":"https:\/\/api.w.org\/{rel}","templated":true}]}}