{"id":505728,"date":"2017-10-20T14:52:29","date_gmt":"2017-10-20T19:52:29","guid":{"rendered":"https:\/\/www.futboltotal.com.mx\/?p=505728"},"modified":"2017-10-20T15:10:33","modified_gmt":"2017-10-20T20:10:33","slug":"kobe-bryant-visito-neymar-mbappe-practico-con-psg","status":"publish","type":"post","link":"http:\/\/desarrollo.grupomedios.com\/futbol\/futbol-internacional\/kobe-bryant-visito-neymar-mbappe-practico-con-psg\/2017\/10","title":{"rendered":"Kobe Bryant visit\u00f3 a Neymar, Mbapp\u00e9 y practic\u00f3 con el PSG"},"content":{"rendered":"<div id=\"texto\" class=\"texto_txt\">\n<div class=\"DETALLE_N_texto \">\n<p><span id=\"ctl14_lblMostra\">El ex jugador de baloncesto <strong>Kobe Bryant<\/strong>, estrella de la <strong>NBA<\/strong>, visit\u00f3 las instalaciones del <strong>Paris Saint-Germain<\/strong> (<strong>PSG<\/strong>) para ver entrenarse a &#8220;algunos de los mejores&#8221; futbolistas &#8220;del mundo&#8221; y se fotografi\u00f3 con el brasile\u00f1o <strong>Neymar<\/strong>.<\/span><\/p>\n<p>Bryant, cinco veces campe\u00f3n de la <strong>NBA<\/strong> con <strong>Los Angeles Lakers<\/strong> y retirado desde 2016, departi\u00f3 con los futbolistas del PSG<strong>,<\/strong> con los que se hizo varias fotograf\u00edas, e intercambi\u00f3 pases con el joven prodigio franc\u00e9s <strong>Kylian Mbapp\u00e9<\/strong>.<\/p>\n<p style=\"text-align: center;\"><a href=\"https:\/\/www.futboltotal.com.mx\/futbol-internacional\/ex-jugador-colombia-del-puebla-vinculado-narcotrafico\/2017\/10\" target=\"_blank\" rel=\"noopener\"><span style=\"color: #333399;\">VER M\u00c1S: Ex jugador de Colombia y del Puebla, vinculado con el narcotr\u00e1fico<\/span><\/a><\/p>\n<p>&#8220;No echo de menos jugar, pero me encanta observar de cerca c\u00f3mo se preparan algunos de los mejores jugadores y equipos del mundo&#8221;, se\u00f1al\u00f3 el estadounidense, en declaraciones divulgadas por el PSG.<\/p>\n<p>&nbsp;<\/p>\n<blockquote class=\"twitter-video\" data-lang=\"es\">\n<p dir=\"ltr\" lang=\"fr\">Revivez la visite de la l\u00e9gende <a href=\"https:\/\/twitter.com\/kobebryant?ref_src=twsrc%5Etfw\">@kobebryant<\/a> au Centre d&#8217;Entra\u00eenement Ooredoo &#x1f40d;&#x1f64c; <a href=\"https:\/\/t.co\/io7ZKx4MT6\">pic.twitter.com\/io7ZKx4MT6<\/a><\/p>\n<p>\u2014 PSG Officiel (@PSG_inside) <a href=\"https:\/\/twitter.com\/PSG_inside\/status\/921459057797541888?ref_src=twsrc%5Etfw\">20 de octubre de 2017<\/a><\/p><\/blockquote>\n<p><script async src=\"\/\/platform.twitter.com\/widgets.js\" charset=\"utf-8\"><\/script><\/p>\n<p>Bryant est\u00e1 en <strong>Par\u00eds<\/strong> para inaugurar ma\u00f1ana en el este de la ciudad un espacio dedicado al baloncesto.<\/p>\n<p>El PSG, que hace temblar a Europa con Neymar, el uruguayo <strong>Edinson Cavani<\/strong> y Mbapp\u00e9, guarda estrechos lazos con leyendas de la NBA.<\/p>\n<p>&nbsp;<\/p>\n<blockquote class=\"twitter-video\" data-lang=\"es\">\n<p dir=\"ltr\" lang=\"und\"><a href=\"https:\/\/twitter.com\/hashtag\/ICICESTPARIS?src=hash&amp;ref_src=twsrc%5Etfw\">#ICICESTPARIS<\/a> &#x1f534;&#x1f535;<a href=\"https:\/\/twitter.com\/kobebryant?ref_src=twsrc%5Etfw\">@kobebryant<\/a> &#x1f40d;&#x1f64c; <a href=\"https:\/\/t.co\/mqPAV38MCZ\">pic.twitter.com\/mqPAV38MCZ<\/a><\/p>\n<p>\u2014 PSG Officiel (@PSG_inside) <a href=\"https:\/\/twitter.com\/PSG_inside\/status\/921417195414056961?ref_src=twsrc%5Etfw\">20 de octubre de 2017<\/a><\/p><\/blockquote>\n<p><script async src=\"\/\/platform.twitter.com\/widgets.js\" charset=\"utf-8\"><\/script><\/p>\n<p>Karl-Anthony Towns (Timberwolves) visit\u00f3 el estadio del Parque de Los Pr\u00edncipes el junio pasado; Stephen Curry (Golden State Warriors) hizo el saque de honor el pasado agosto en un encuentro liguero ante el Saint-\u00c9tienne; y Gary Payton (ex Seattle Supersonics) asisti\u00f3 al partido ante el Lyon el pasado septiembre.<\/p>\n<\/div>\n<\/div>\n","protected":false},"excerpt":{"rendered":"<p>La ex estrella de la NBA convivi\u00f3 con las figuras del Paris Saint-Germain.<\/p>\n","protected":false},"author":154,"featured_media":505738,"comment_status":"closed","ping_status":"closed","sticky":false,"template":"","format":"standard","meta":[],"categories":[5419,3839,9609],"tags":[5816,8525,10677,3763,6001,1376,114],"_links":{"self":[{"href":"http:\/\/desarrollo.grupomedios.com\/futbol\/wp-json\/wp\/v2\/posts\/505728"}],"collection":[{"href":"http:\/\/desarrollo.grupomedios.com\/futbol\/wp-json\/wp\/v2\/posts"}],"about":[{"href":"http:\/\/desarrollo.grupomedios.com\/futbol\/wp-json\/wp\/v2\/types\/post"}],"author":[{"embeddable":true,"href":"http:\/\/desarrollo.grupomedios.com\/futbol\/wp-json\/wp\/v2\/users\/154"}],"replies":[{"embeddable":true,"href":"http:\/\/desarrollo.grupomedios.com\/futbol\/wp-json\/wp\/v2\/comments?post=505728"}],"version-history":[{"count":2,"href":"http:\/\/desarrollo.grupomedios.com\/futbol\/wp-json\/wp\/v2\/posts\/505728\/revisions"}],"predecessor-version":[{"id":505740,"href":"http:\/\/desarrollo.grupomedios.com\/futbol\/wp-json\/wp\/v2\/posts\/505728\/revisions\/505740"}],"wp:featuredmedia":[{"embeddable":true,"href":"http:\/\/desarrollo.grupomedios.com\/futbol\/wp-json\/wp\/v2\/media\/505738"}],"wp:attachment":[{"href":"http:\/\/desarrollo.grupomedios.com\/futbol\/wp-json\/wp\/v2\/media?parent=505728"}],"wp:term":[{"taxonomy":"category","embeddable":true,"href":"http:\/\/desarrollo.grupomedios.com\/futbol\/wp-json\/wp\/v2\/categories?post=505728"},{"taxonomy":"post_tag","embeddable":true,"href":"http:\/\/desarrollo.grupomedios.com\/futbol\/wp-json\/wp\/v2\/tags?post=505728"}],"curies":[{"name":"wp","href":"https:\/\/api.w.org\/{rel}","templated":true}]}}