{"id":505737,"date":"2017-10-21T16:21:13","date_gmt":"2017-10-21T21:21:13","guid":{"rendered":"https:\/\/www.futboltotal.com.mx\/?p=505737"},"modified":"2017-10-21T16:21:13","modified_gmt":"2017-10-21T21:21:13","slug":"america-vs-necaxa-en-busca-del-liderato-del-apertura-2017","status":"publish","type":"post","link":"http:\/\/desarrollo.grupomedios.com\/futbol\/futbol-mexicano\/america-vs-necaxa-en-busca-del-liderato-del-apertura-2017\/2017\/10","title":{"rendered":"Am\u00e9rica vs. Necaxa, en busca del liderato del Apertura 2017"},"content":{"rendered":"<p>Las <em>\u00c1guilas<\/em> del <strong>Am\u00e9rica<\/strong> reciben la visita de los <em>Rayos<\/em> del <strong>Necaxa<\/strong> en el duelo que cierra la actividad del s\u00e1bado de la <strong>Jornada 14 del Torneo Apertura 2017 de la Liga MX<\/strong>.<\/p>\n<p>Los azulcremas viven un gran momento en el futbol mexicano despu\u00e9s de haber sacado victorias en los cl\u00e1sicos sobre <strong>Cruz Azul y Chivas<\/strong>, y ahora se encuentran a las puertas del liderato general del Apertura 2017.<\/p>\n<p style=\"text-align: center;\"><span style=\"color: #333399;\"><a href=\"https:\/\/www.futboltotal.com.mx\/videos\/luis-hernandez-golpeo-david-oteo-pelea-america-pumas\/2017\/10\">VER M\u00c1S &#8211;\u00a0<span class=\"item-title\">Luis Hern\u00e1ndez golpe\u00f3 a David Oteo: Pelea Am\u00e9rica vs Pumas<\/span><\/a><\/span><\/p>\n<p><strong>Oribe Peralta<\/strong> est\u00e1 en su mejor \u00e9poca del a\u00f1o y funge de verdad como el capit\u00e1n americanista, lleva una racha de anotaciones que lo ha puesto en la disputa del liderato de goleo.<\/p>\n<p>Los Rayos est\u00e1n rasgu\u00f1ando por ahora el octavo lugar de la tabla general y estar\u00edan en <strong>liguilla<\/strong> en este momento, pero sufrieron un duro golpe a media semana, con la derrota frente a Santos Laguna.<\/p>\n<p style=\"text-align: center;\"><span style=\"color: #333399;\"><a href=\"https:\/\/www.futboltotal.com.mx\/futbol-mexicano\/america-piojo-sin-quintero-ni-oribe-en-11-inicial-ante-necaxa\/2017\/10\">VER M\u00c1S:\u00a0<span class=\"item-title\">Am\u00e9rica y \u2018Piojo\u2019, sin Quintero ni Oribe en 11 inicial ante Necaxa<\/span><\/a><\/span><\/p>\n<p>Dos de los mejores arqueros del torneo se ver\u00e1n las caras en el estadio Azteca, cuando <strong>Agust\u00edn Marches\u00edn y Marcelo Barovero<\/strong> se enfrentan con Am\u00e9rica y Necaxa.<\/p>\n<p>&nbsp;<\/p>\n","protected":false},"excerpt":{"rendered":"<p>Las \u00c1guilas y los Rayos se ver\u00e1n las caras en el estadio Azteca<\/p>\n","protected":false},"author":160,"featured_media":505739,"comment_status":"closed","ping_status":"closed","sticky":false,"template":"","format":"standard","meta":[],"categories":[2198,3845],"tags":[6118,5959,8357,4550,64,6870,261],"_links":{"self":[{"href":"http:\/\/desarrollo.grupomedios.com\/futbol\/wp-json\/wp\/v2\/posts\/505737"}],"collection":[{"href":"http:\/\/desarrollo.grupomedios.com\/futbol\/wp-json\/wp\/v2\/posts"}],"about":[{"href":"http:\/\/desarrollo.grupomedios.com\/futbol\/wp-json\/wp\/v2\/types\/post"}],"author":[{"embeddable":true,"href":"http:\/\/desarrollo.grupomedios.com\/futbol\/wp-json\/wp\/v2\/users\/160"}],"replies":[{"embeddable":true,"href":"http:\/\/desarrollo.grupomedios.com\/futbol\/wp-json\/wp\/v2\/comments?post=505737"}],"version-history":[{"count":1,"href":"http:\/\/desarrollo.grupomedios.com\/futbol\/wp-json\/wp\/v2\/posts\/505737\/revisions"}],"predecessor-version":[{"id":505742,"href":"http:\/\/desarrollo.grupomedios.com\/futbol\/wp-json\/wp\/v2\/posts\/505737\/revisions\/505742"}],"wp:featuredmedia":[{"embeddable":true,"href":"http:\/\/desarrollo.grupomedios.com\/futbol\/wp-json\/wp\/v2\/media\/505739"}],"wp:attachment":[{"href":"http:\/\/desarrollo.grupomedios.com\/futbol\/wp-json\/wp\/v2\/media?parent=505737"}],"wp:term":[{"taxonomy":"category","embeddable":true,"href":"http:\/\/desarrollo.grupomedios.com\/futbol\/wp-json\/wp\/v2\/categories?post=505737"},{"taxonomy":"post_tag","embeddable":true,"href":"http:\/\/desarrollo.grupomedios.com\/futbol\/wp-json\/wp\/v2\/tags?post=505737"}],"curies":[{"name":"wp","href":"https:\/\/api.w.org\/{rel}","templated":true}]}}