{"id":505756,"date":"2017-10-20T16:52:08","date_gmt":"2017-10-20T21:52:08","guid":{"rendered":"https:\/\/www.futboltotal.com.mx\/?p=505756"},"modified":"2017-10-20T16:52:08","modified_gmt":"2017-10-20T21:52:08","slug":"pumas-quieren-ponerle-pie-al-resto-sus-rivales-del-apertura-2017","status":"publish","type":"post","link":"http:\/\/desarrollo.grupomedios.com\/futbol\/futbol-mexicano\/pumas-quieren-ponerle-pie-al-resto-sus-rivales-del-apertura-2017\/2017\/10","title":{"rendered":"Pumas quieren &#8220;ponerle el pie&#8221; al resto de sus rivales del Apertura 2017"},"content":{"rendered":"<p><strong>Pumas<\/strong> no quiere ser &#8220;trampol\u00edn de nadie&#8221; y quiere &#8220;ponerle el pie&#8221; al resto de sus rivales en el <strong>Torneo Apertura 2017<\/strong> de la Liga MX.<\/p>\n<p>Y el siguiente en turno ser\u00e1n los <em>Rayados<\/em> de <strong>Monterrey<\/strong>, escuadra que por lo general no la pasa bien cuando visita la capital y en el estadio Ol\u00edmpico Universitario no van a querer cederle nada al l\u00edder del torneo.<\/p>\n<p><strong>Pablo Barrera<\/strong>, mediocampista de los Pumas de la UNAM, asegur\u00f3 que el triunfo contra los Esmeraldas de Le\u00f3n les ha dado un gran envi\u00f3n an\u00edmico a favor y ahora quieren hacerlo patente en su casa contra los Rayados.<\/p>\n<p style=\"text-align: center;\"><span style=\"color: #333399;\"><a href=\"https:\/\/www.futboltotal.com.mx\/futbol-mexicano\/america-perfecto-inconsistente-miguel-herrera\/2017\/10\">VER M\u00c1S:\u00a0<span class=\"item-title\">Am\u00e9rica no es perfecto, es inconsistente: Miguel Herrera<\/span><\/a><\/span><\/p>\n<p>Despu\u00e9s de estar fuera de los campos por m\u00e1s de<strong> seis meses<\/strong>, Pablito afirm\u00f3 que fue un gusto enorme volver a jugar con los Pumas, tras la lesi\u00f3n que los dej\u00f3 fuera.<\/p>\n<p>El futbolista de los Pumas estuvo presente en la conferencia de este viernes donde destac\u00f3 la forma en c\u00f3mo los jugadores encararon el partido contra los regiomontanos con la direcci\u00f3n t\u00e9cnica de <strong>David Pati\u00f1o<\/strong>.<\/p>\n<p>&nbsp;<\/p>\n<p>\u201cEl triunfo fue importante para salir del bache, por el equipo, la instituci\u00f3n, los jugadores y la afici\u00f3n\u201d, mencion\u00f3 Pablito Barrera.<\/p>\n<p style=\"text-align: center;\"><a href=\"https:\/\/www.futboltotal.com.mx\/videos\/luis-hernandez-golpeo-david-oteo-pelea-america-pumas\/2017\/10\">VER M\u00c1S &#8211;\u00a0<span class=\"item-title\">Luis Hern\u00e1ndez golpe\u00f3 a David Oteo: Pelea Am\u00e9rica vs Pumas<\/span><\/a><\/p>\n<p>El mediocampista de los Pumas acept\u00f3 que los universitarios\u00a0tienen buen plantel para jugar al t\u00fa por t\u00fa contra cualquier rival y lo van a demostrar el pr\u00f3ximo domingo en la cancha de <strong>Ciudad Universitaria<\/strong>.<\/p>\n<p>\u201cSomos profesionales y tenemos que dar lo mejor de nosotros para sumar puntos. Tenemos que seguir ganando para no estar en los \u00faltimos lugares\u201d, sentenci\u00f3 el universitario.<\/p>\n<p>Saben que Monterrey ser\u00e1 un gran rival por todo el ataque que puede plantear la escuadra de los Rayados con Dorlan Pab\u00f3n, Avil\u00e9s Hurtado y Rodrigo Funes Mori, pero los Pumas no se achican y prometen dar lo mejor de s\u00ed para ganar en CU.<\/p>\n<p>&nbsp;<\/p>\n<p>&nbsp;<\/p>\n","protected":false},"excerpt":{"rendered":"<p>Los universitarios tendr\u00e1n un duelo complicado este domingo cuando enfrente a Monterrey<\/p>\n","protected":false},"author":160,"featured_media":505758,"comment_status":"closed","ping_status":"closed","sticky":false,"template":"","format":"standard","meta":[],"categories":[2198,3845],"tags":[8357,4550,5965,64,5966,82,74],"_links":{"self":[{"href":"http:\/\/desarrollo.grupomedios.com\/futbol\/wp-json\/wp\/v2\/posts\/505756"}],"collection":[{"href":"http:\/\/desarrollo.grupomedios.com\/futbol\/wp-json\/wp\/v2\/posts"}],"about":[{"href":"http:\/\/desarrollo.grupomedios.com\/futbol\/wp-json\/wp\/v2\/types\/post"}],"author":[{"embeddable":true,"href":"http:\/\/desarrollo.grupomedios.com\/futbol\/wp-json\/wp\/v2\/users\/160"}],"replies":[{"embeddable":true,"href":"http:\/\/desarrollo.grupomedios.com\/futbol\/wp-json\/wp\/v2\/comments?post=505756"}],"version-history":[{"count":1,"href":"http:\/\/desarrollo.grupomedios.com\/futbol\/wp-json\/wp\/v2\/posts\/505756\/revisions"}],"predecessor-version":[{"id":505761,"href":"http:\/\/desarrollo.grupomedios.com\/futbol\/wp-json\/wp\/v2\/posts\/505756\/revisions\/505761"}],"wp:featuredmedia":[{"embeddable":true,"href":"http:\/\/desarrollo.grupomedios.com\/futbol\/wp-json\/wp\/v2\/media\/505758"}],"wp:attachment":[{"href":"http:\/\/desarrollo.grupomedios.com\/futbol\/wp-json\/wp\/v2\/media?parent=505756"}],"wp:term":[{"taxonomy":"category","embeddable":true,"href":"http:\/\/desarrollo.grupomedios.com\/futbol\/wp-json\/wp\/v2\/categories?post=505756"},{"taxonomy":"post_tag","embeddable":true,"href":"http:\/\/desarrollo.grupomedios.com\/futbol\/wp-json\/wp\/v2\/tags?post=505756"}],"curies":[{"name":"wp","href":"https:\/\/api.w.org\/{rel}","templated":true}]}}