{"id":505782,"date":"2017-10-20T20:24:16","date_gmt":"2017-10-21T01:24:16","guid":{"rendered":"https:\/\/www.futboltotal.com.mx\/?p=505782"},"modified":"2017-10-20T20:25:13","modified_gmt":"2017-10-21T01:25:13","slug":"chivas-murio-ego-jose-luis-higuera","status":"publish","type":"post","link":"http:\/\/desarrollo.grupomedios.com\/futbol\/destacado-home\/chivas-murio-ego-jose-luis-higuera\/2017\/10","title":{"rendered":"Chivas muri\u00f3 por su ego: Jos\u00e9 Luis Higuera"},"content":{"rendered":"<p><strong>POR: STAFF FT<\/strong><\/p>\n<p>Las <strong>Chivas<\/strong> son el \u00faltimo lugar de la tabla general del <strong>Torneo Apertura 2017<\/strong>, y esto se ha dado en gran medida por la actuaci\u00f3n &#8220;sobrada&#8221; de muchos de los jugadores durante gran parte del certamen, asegur\u00f3 Jos\u00e9 Luis Higuera.<\/p>\n<p>El CEO de Omnilife se\u00f1al\u00f3 que hay una cosa que no se puede permitir el <strong>Guadalajara<\/strong> y es el hecho de terminar como el peor equipo de una temporada, y mucho menos despu\u00e9s de haber sido campe\u00f3n.<\/p>\n<p style=\"text-align: center;\"><span style=\"color: #333399;\"><a href=\"https:\/\/www.futboltotal.com.mx\/futbol-mexicano\/tenemos-todos-los-huevos-en-la-garganta-edwin-hernandez-chivas\/2017\/10\">VER M\u00c1S:\u00a0<span class=\"item-title\">Tenemos todos los hue\u2026 en la garganta: Edwin Hern\u00e1ndez sobre Chivas<\/span><\/a><\/span><\/p>\n<p>Higuera se\u00f1al\u00f3 en un programa de la cadena <em>Fox Sports<\/em> que &#8220;un grupo siempre ser\u00e1 dif\u00edcil de llevar, y un grupo donde se encuentran muchos j\u00f3venes llenos de un <strong>ego provocado por haber sido campe\u00f3n<\/strong> (con uno de los dos equipos m\u00e1s importantes de M\u00e9xico) han llevado al equipo al lugar donde se encuentra&#8221;.<\/p>\n<p>La situaci\u00f3n ha sido revisada por toda la c\u00fapula rojiblanca encabezada por<strong> Jorge Vergara y Mat\u00edas Almeyda<\/strong>, y estar\u00e1n bajo observaci\u00f3n los chicos para que esto pueda corregirse en las \u00faltimas jornadas del torneo y no afecte en los siguientes cert\u00e1menes.<\/p>\n<p style=\"text-align: center;\"><span style=\"color: #333399;\"><a href=\"https:\/\/www.futboltotal.com.mx\/futbol-mexicano\/emotivo-discurso-marchesin-america-vencio-a-chivas\/2017\/10\">VER M\u00c1S:\u00a0<span class=\"item-title\">El emotivo discurso de Marches\u00edn por el que Am\u00e9rica venci\u00f3 a Chivas<\/span><\/a><\/span><\/p>\n<p>Jos\u00e9 Luis Higuera fue claro sobre la permanencia de Mat\u00edas Almeyda y asegur\u00f3 que es algo que no preocupa en las Chivas ya que &#8220;el \u00fanico seguro es Almeyda, \u00e9l ha dicho que tiene sus maletas guardadas y es tan cierto que incluso ya tiene una propiedad en <strong>Guadalajara<\/strong>&#8220;.<\/p>\n<p>Las Chivas enfrentar\u00e1n este domingo a <strong>Veracruz<\/strong> en el duelo que cerrar\u00e1 la <strong>Jornada 14 del Torneo Apertura 2017<\/strong> de la Liga MX.<\/p>\n","protected":false},"excerpt":{"rendered":"<p>El CEO de Omnilife se\u00f1al\u00f3 que estar en el \u00faltimo lugar es algo imperdonable para Guadalajara<\/p>\n","protected":false},"author":160,"featured_media":505783,"comment_status":"closed","ping_status":"closed","sticky":false,"template":"","format":"standard","meta":[],"categories":[5,2198,3845],"tags":[10767,70,10766,243,7368,1024],"_links":{"self":[{"href":"http:\/\/desarrollo.grupomedios.com\/futbol\/wp-json\/wp\/v2\/posts\/505782"}],"collection":[{"href":"http:\/\/desarrollo.grupomedios.com\/futbol\/wp-json\/wp\/v2\/posts"}],"about":[{"href":"http:\/\/desarrollo.grupomedios.com\/futbol\/wp-json\/wp\/v2\/types\/post"}],"author":[{"embeddable":true,"href":"http:\/\/desarrollo.grupomedios.com\/futbol\/wp-json\/wp\/v2\/users\/160"}],"replies":[{"embeddable":true,"href":"http:\/\/desarrollo.grupomedios.com\/futbol\/wp-json\/wp\/v2\/comments?post=505782"}],"version-history":[{"count":2,"href":"http:\/\/desarrollo.grupomedios.com\/futbol\/wp-json\/wp\/v2\/posts\/505782\/revisions"}],"predecessor-version":[{"id":505785,"href":"http:\/\/desarrollo.grupomedios.com\/futbol\/wp-json\/wp\/v2\/posts\/505782\/revisions\/505785"}],"wp:featuredmedia":[{"embeddable":true,"href":"http:\/\/desarrollo.grupomedios.com\/futbol\/wp-json\/wp\/v2\/media\/505783"}],"wp:attachment":[{"href":"http:\/\/desarrollo.grupomedios.com\/futbol\/wp-json\/wp\/v2\/media?parent=505782"}],"wp:term":[{"taxonomy":"category","embeddable":true,"href":"http:\/\/desarrollo.grupomedios.com\/futbol\/wp-json\/wp\/v2\/categories?post=505782"},{"taxonomy":"post_tag","embeddable":true,"href":"http:\/\/desarrollo.grupomedios.com\/futbol\/wp-json\/wp\/v2\/tags?post=505782"}],"curies":[{"name":"wp","href":"https:\/\/api.w.org\/{rel}","templated":true}]}}