{"id":505823,"date":"2017-10-21T09:43:09","date_gmt":"2017-10-21T14:43:09","guid":{"rendered":"https:\/\/www.futboltotal.com.mx\/?p=505823"},"modified":"2017-10-21T09:45:20","modified_gmt":"2017-10-21T14:45:20","slug":"matias-almeyda-suena-dirigir-a-la-seleccion-chile","status":"publish","type":"post","link":"http:\/\/desarrollo.grupomedios.com\/futbol\/destacado-home\/matias-almeyda-suena-dirigir-a-la-seleccion-chile\/2017\/10","title":{"rendered":"Mat\u00edas Almeyda suena para dirigir a la Selecci\u00f3n de Chile"},"content":{"rendered":"<p><strong>POR: STAFF FT<\/strong><\/p>\n<p>Luego del fracaso que vivi\u00f3 la <strong>Selecci\u00f3n de Chile<\/strong> al no calificar a la Copa del Mundo de<strong> Rusia 2018<\/strong>, la salida del estratega<strong>\u00a0Juan Antonio Pizzi<\/strong> fue un paso natural y de igual manera, inmediatamente han surgido nombres alrededor del posible sucesor, de M\u00e9xico ya se hab\u00eda mencionado a <strong>Miguel Herrera<\/strong>, sin embargo, ha surgido un nuevo protagonista: <strong>Mat\u00edas Almeyda<\/strong>.<\/p>\n<p>El diario Publimetro Chile lanz\u00f3 una lista con los 16 candidatos que tiene contemplados la\u00a0<strong>Asociaci\u00f3n Nacional de Futbol Profesional<\/strong> (ANFP) y uno de ellos es el estratega de las <strong>Chivas de Guadalajara<\/strong>, quien habr\u00eda mostrado sus intenciones por llegar al combinado andino.<\/p>\n<p>&#8220;Un representante se contact\u00f3 con nosotros y dijo que la ANFP lo tiene como opci\u00f3n. Actualmente est\u00e1 en Chivas de M\u00e9xico, donde sali\u00f3 campe\u00f3n de la<strong> Copa<\/strong> y la <strong>Liga MX<\/strong>&#8220;, indic\u00f3 el diario a trav\u00e9s de su publicaci\u00f3n. Sin embargo, cabe recordar que hasta hace poco<a href=\"https:\/\/www.futboltotal.com.mx\/futbol-mexicano\/jorge-vergara-asegura-almeyda-rato\/2017\/10\" target=\"_blank\" rel=\"noopener\"><strong> Jorge Vergara<\/strong> ratific\u00f3 al argentino<\/a> como estratega del Reba\u00f1o.<\/p>\n<p style=\"text-align: center;\"><a href=\"https:\/\/www.futboltotal.com.mx\/videos\/jugadores-xolos-terminan-en-bronca\/2017\/10\" target=\"_blank\" rel=\"noopener\">VER M\u00c1S: Jugadores de Xolos terminan en bronca durante partido<\/a><\/p>\n<p>Por otra parte, hay que recordar que en el contrato de Mat\u00edas Almeyda existe una cl\u00e1usula que le dar\u00eda salida si una selecci\u00f3n, cualquiera que esta sea, quisiera de sus servicios este podr\u00eda saliera a probar suerte. Esto abre las puertas a Mat\u00edas. Vergara, por su parte, desea ver a su &#8216;pastor&#8217; dirigiendo a la <strong>Selecci\u00f3n Mexicana<\/strong> despu\u00e9s del proceso de <strong>Juan Carlos Osorio<\/strong>.<\/p>\n<p>Almeyda ya ha sido vinculado hace poco con <strong>San Lorenzo<\/strong> de Argentina, quien lo habr\u00eda contactado para sondear un posible regreso a su pa\u00eds para dirigir ah\u00ed, sin embargo, el propio estratega acept\u00f3 los contactos de otros clubes para llevarlo, pero no en espec\u00edfico el del <strong>Cuervo<\/strong>.<\/p>\n<p>Actualmente Chivas vive un presente desastroso, pues es el \u00faltimo lugar de la tabla general en el <strong>Apertura 2017<\/strong>, adem\u00e1s que recientemente perdi\u00f3 el <strong>Cl\u00e1sico Nacional<\/strong> ante las <strong>\u00c1guilas del Am\u00e9rica<\/strong>.<\/p>\n<p style=\"text-align: center;\"><a href=\"https:\/\/www.futboltotal.com.mx\/futbol-internacional\/bayern-munich-buscara-fichar-a-julian-draxler\/2017\/10\" target=\"_blank\" rel=\"noopener\">VER M\u00c1S: Bayern Munich buscar\u00e1 ficha a Julian Draxler<\/a><\/p>\n<p>&nbsp;<\/p>\n","protected":false},"excerpt":{"rendered":"<p>El argentino podr\u00eda dejar al Reba\u00f1o para dirigir a los andinos<\/p>\n","protected":false},"author":159,"featured_media":505824,"comment_status":"closed","ping_status":"closed","sticky":false,"template":"","format":"standard","meta":[],"categories":[5,2198,3845],"tags":[8357,406,70,64,10770],"_links":{"self":[{"href":"http:\/\/desarrollo.grupomedios.com\/futbol\/wp-json\/wp\/v2\/posts\/505823"}],"collection":[{"href":"http:\/\/desarrollo.grupomedios.com\/futbol\/wp-json\/wp\/v2\/posts"}],"about":[{"href":"http:\/\/desarrollo.grupomedios.com\/futbol\/wp-json\/wp\/v2\/types\/post"}],"author":[{"embeddable":true,"href":"http:\/\/desarrollo.grupomedios.com\/futbol\/wp-json\/wp\/v2\/users\/159"}],"replies":[{"embeddable":true,"href":"http:\/\/desarrollo.grupomedios.com\/futbol\/wp-json\/wp\/v2\/comments?post=505823"}],"version-history":[{"count":2,"href":"http:\/\/desarrollo.grupomedios.com\/futbol\/wp-json\/wp\/v2\/posts\/505823\/revisions"}],"predecessor-version":[{"id":505826,"href":"http:\/\/desarrollo.grupomedios.com\/futbol\/wp-json\/wp\/v2\/posts\/505823\/revisions\/505826"}],"wp:featuredmedia":[{"embeddable":true,"href":"http:\/\/desarrollo.grupomedios.com\/futbol\/wp-json\/wp\/v2\/media\/505824"}],"wp:attachment":[{"href":"http:\/\/desarrollo.grupomedios.com\/futbol\/wp-json\/wp\/v2\/media?parent=505823"}],"wp:term":[{"taxonomy":"category","embeddable":true,"href":"http:\/\/desarrollo.grupomedios.com\/futbol\/wp-json\/wp\/v2\/categories?post=505823"},{"taxonomy":"post_tag","embeddable":true,"href":"http:\/\/desarrollo.grupomedios.com\/futbol\/wp-json\/wp\/v2\/tags?post=505823"}],"curies":[{"name":"wp","href":"https:\/\/api.w.org\/{rel}","templated":true}]}}