{"id":505833,"date":"2017-10-21T11:44:12","date_gmt":"2017-10-21T16:44:12","guid":{"rendered":"https:\/\/www.futboltotal.com.mx\/?p=505833"},"modified":"2017-10-21T11:44:12","modified_gmt":"2017-10-21T16:44:12","slug":"america-estuvo-cerca-tener-al-papu-gomez","status":"publish","type":"post","link":"http:\/\/desarrollo.grupomedios.com\/futbol\/futbol-mexicano\/america-estuvo-cerca-tener-al-papu-gomez\/2017\/10","title":{"rendered":"Am\u00e9rica estuvo cerca de tener al &#8216;Papu&#8217; G\u00f3mez"},"content":{"rendered":"<p><strong>POR: STAFF FT<\/strong><\/p>\n<p>El mediocampista argentino, <strong>Alejandro Dar\u00edo G\u00f3mez<\/strong>, mejor conocido como el <strong>&#8216;Papu&#8217;,<\/strong> que juega en la<strong> Serie A<\/strong> con el <strong>Atalanta<\/strong> pudo haber sido jugador de las \u00c1guilas del Am\u00e9rica, pues revel\u00f3 que en su momento, el delantero <strong>Dar\u00edo Benedetto<\/strong> le pidi\u00f3 que fichara con los azulcremas para jugar a su lado.<\/p>\n<p>En una entrevista para el programa &#8216;De F\u00fatbol Se Habla As\u00ed&#8217; en su pa\u00eds, el mediocampista recientemente convocado con la Albiceleste, declar\u00f3\u00a0\u00a0<strong>\u201cUna vez Pipa me mand\u00f3 un mensaje para que vaya a jugar con \u00e9l al Am\u00e9rica. A los 15 d\u00edas estaba jugando en Boca. No entend\u00eda nada&#8221;.<\/strong><\/p>\n<blockquote class=\"twitter-tweet\" data-lang=\"es\">\n<p dir=\"ltr\" lang=\"es\">Papu G\u00f3mez:&#8221;Una vez Pipa me mand\u00f3 un mensaje para que vaya a jugar con \u00e9l al Am\u00e9rica.A los 15 d\u00edas estaba jugando en Boca. No entend\u00eda nada&#8221;<\/p>\n<p>\u2014 DeF\u00fatbolSeHablaAs\u00ed (@sehablaasi) <a href=\"https:\/\/twitter.com\/sehablaasi\/status\/921472833540239360?ref_src=twsrc%5Etfw\">20 de octubre de 2017<\/a><\/p><\/blockquote>\n<p><script async src=\"\/\/platform.twitter.com\/widgets.js\" charset=\"utf-8\"><\/script><\/p>\n<p style=\"text-align: center;\"><a href=\"https:\/\/www.futboltotal.com.mx\/futbol-mexicano\/liga-mx\/matias-almeyda-suena-dirigir-a-la-seleccion-chile\/2017\/10\" target=\"_blank\" rel=\"noopener\">VER M\u00c1S: Mat\u00edas Almeyda suena para dirigir a la Selecci\u00f3n de Chile<\/a><\/p>\n<p>Ambos futbolistas coincidieron en el\u00a0<strong>Arsenal F\u00fatbol Club<\/strong> de su pa\u00eds y por ello son buenos amigos, el argentino tambi\u00e9n record\u00f3 los momentos que vivieron en aquella \u00e9poca, cuando se conocieron en Argentina:\u00a0<strong>&#8220;Estoy muy contento por el momento de Benedetto. Lo conozco desde chico en Arsenal. Una vez le regal\u00e9 botines en inferiores&#8221;.<\/strong><\/p>\n<blockquote class=\"twitter-tweet\" data-lang=\"es\">\n<p dir=\"ltr\" lang=\"es\">Papu G\u00f3mez: &#8220;Estoy muy contento por el momento de Benedetto. Lo conozco desde chico en Arsenal. Una vez le regal\u00e9 botines en inferiores&#8221;<\/p>\n<p>\u2014 DeF\u00fatbolSeHablaAs\u00ed (@sehablaasi) <a href=\"https:\/\/twitter.com\/sehablaasi\/status\/921472536482902016?ref_src=twsrc%5Etfw\">20 de octubre de 2017<\/a><\/p><\/blockquote>\n<p><script async src=\"\/\/platform.twitter.com\/widgets.js\" charset=\"utf-8\"><\/script><\/p>\n<p>El<strong> &#8216;Papu&#8217;<\/strong> tiene un breve historial con Am\u00e9rica, pues los enfrent\u00f3 en la final de <strong>Copa Sudamericana del 2007<\/strong>, cuando militaba precisamente con Arsenal de su pa\u00eds y que gan\u00f3 por marcador de 5-4 y en el que G\u00f3mez anot\u00f3 un doblete en el <strong>Estadio Azteca<\/strong>.<\/p>\n<p><iframe loading=\"lazy\" src=\"https:\/\/www.youtube.com\/embed\/Fpe_jAlWYh0?start=138&#038;feature=oembed\" frameborder=\"0\" allowfullscreen><\/iframe><\/p>\n<p style=\"text-align: center;\">VER M\u00c1S: Jugadores de Xolos terminan en bronca en pleno partido<\/p>\n","protected":false},"excerpt":{"rendered":"<p>El argentino pudo vestirse de amarillo en la Liga MX<\/p>\n","protected":false},"author":159,"featured_media":505834,"comment_status":"closed","ping_status":"closed","sticky":false,"template":"","format":"standard","meta":[],"categories":[7740,2198,3845],"tags":[8007,5959,2092,64,10771],"_links":{"self":[{"href":"http:\/\/desarrollo.grupomedios.com\/futbol\/wp-json\/wp\/v2\/posts\/505833"}],"collection":[{"href":"http:\/\/desarrollo.grupomedios.com\/futbol\/wp-json\/wp\/v2\/posts"}],"about":[{"href":"http:\/\/desarrollo.grupomedios.com\/futbol\/wp-json\/wp\/v2\/types\/post"}],"author":[{"embeddable":true,"href":"http:\/\/desarrollo.grupomedios.com\/futbol\/wp-json\/wp\/v2\/users\/159"}],"replies":[{"embeddable":true,"href":"http:\/\/desarrollo.grupomedios.com\/futbol\/wp-json\/wp\/v2\/comments?post=505833"}],"version-history":[{"count":1,"href":"http:\/\/desarrollo.grupomedios.com\/futbol\/wp-json\/wp\/v2\/posts\/505833\/revisions"}],"predecessor-version":[{"id":505835,"href":"http:\/\/desarrollo.grupomedios.com\/futbol\/wp-json\/wp\/v2\/posts\/505833\/revisions\/505835"}],"wp:featuredmedia":[{"embeddable":true,"href":"http:\/\/desarrollo.grupomedios.com\/futbol\/wp-json\/wp\/v2\/media\/505834"}],"wp:attachment":[{"href":"http:\/\/desarrollo.grupomedios.com\/futbol\/wp-json\/wp\/v2\/media?parent=505833"}],"wp:term":[{"taxonomy":"category","embeddable":true,"href":"http:\/\/desarrollo.grupomedios.com\/futbol\/wp-json\/wp\/v2\/categories?post=505833"},{"taxonomy":"post_tag","embeddable":true,"href":"http:\/\/desarrollo.grupomedios.com\/futbol\/wp-json\/wp\/v2\/tags?post=505833"}],"curies":[{"name":"wp","href":"https:\/\/api.w.org\/{rel}","templated":true}]}}