{"id":505881,"date":"2017-10-21T15:40:25","date_gmt":"2017-10-21T20:40:25","guid":{"rendered":"https:\/\/www.futboltotal.com.mx\/?p=505881"},"modified":"2017-10-21T16:59:32","modified_gmt":"2017-10-21T21:59:32","slug":"porto-6-pacos-de-ferreira-1-primeira-liga-resumen","status":"publish","type":"post","link":"http:\/\/desarrollo.grupomedios.com\/futbol\/destacado-home\/porto-6-pacos-de-ferreira-1-primeira-liga-resumen\/2017\/10","title":{"rendered":"Tecatito Corona se luce en goleada del Porto"},"content":{"rendered":"<p>El mexicano <strong>Jes\u00fas &#8216;Tecatito&#8217; Corona<\/strong> se luci\u00f3 en la goleada de su equipo, el <strong>Porto<\/strong> ante\u00a0<strong>Pa\u00e7os de Ferreira<\/strong> que se vio mal por la diferencia abismal que existe entre ambos conjuntos. <strong>H\u00e9ctor Herrera<\/strong> jug\u00f3 todo el encuentro, mientras que<strong> Miguel Lay\u00fan<\/strong> y <strong>Diego Reyes<\/strong> se quedaron en la banca.<\/p>\n<p>Muy pronto en el juego los Dragones mostraron su superioridad ante el rival, pues apenas al minuto 7 del partido, <strong>Ricardo Pereira<\/strong> se encarg\u00f3 de poner arriba en el marcador a su equipo y aunque un minuto despu\u00e9s, <strong>Welthon<\/strong> empat\u00f3 el encuentro, despu\u00e9s<strong> Felipe<\/strong> se encarg\u00f3 de ampliar el marcador y enfilar algo que ya se ol\u00eda como goleada.<\/p>\n<p>Posteriormente, <strong>Moussa Marega<\/strong> se encarg\u00f3 de protagonizar el show del Porto al anotar dos goles en un espacio de ocho minutos, una locura para los locales que ya disfrutaban de un 4-0 con comodidad. Por su parte, <strong>Tecatito Corona<\/strong> viv\u00eda su propia fiesta, haciendo amagues y jugadas que enamoran a la tribuna.<\/p>\n<p style=\"text-align: center;\"><a href=\"https:\/\/www.futboltotal.com.mx\/futbol-internacional\/psg-ofrece-a-draxler-120-mde-jugador-del-real-madrid\/2017\/10\" target=\"_blank\" rel=\"noopener\">VER M\u00c1S: PSG ofrece a Draxler y 120 mde por un crack del Real Madrid<\/a><\/p>\n<p><iframe loading=\"lazy\" src=\"https:\/\/www.youtube.com\/embed\/4js2jszxEhU?feature=oembed\" frameborder=\"0\" allowfullscreen><\/iframe><\/p>\n<p>En la segunda mitad fue cuando el mexicano contin\u00fao con su gran actuaci\u00f3n anotando el quinto de la tarde, aprovechando un rebote luego de un tiro de <strong>Aboubakar<\/strong> y mandando el bal\u00f3n al fondo de las redes, con lo que lleg\u00f3 a tres esta temporada.<\/p>\n<p><iframe loading=\"lazy\" src=\"https:\/\/www.youtube.com\/embed\/i71a56hzsTk?feature=oembed\" frameborder=\"0\" allowfullscreen><\/iframe><\/p>\n<p>Para sellar la victoria, goleada y brillante actuaci\u00f3n del mexicano se encarg\u00f3 de asistir al <strong>camerun\u00e9s<\/strong>, Aboubakar para que anotara su gol al minuto 72. Porto se mantiene invicto luego de 9 jornadas en la <strong>Primeira Liga<\/strong>, tiene 25 puntos y le saca cinco de ventaja al segundo puesto, el <strong>Sporting de Lisboa<\/strong>.<\/p>\n<p style=\"text-align: center;\"><a href=\"https:\/\/www.futboltotal.com.mx\/futbol-internacional\/gol-premier-league-envidian-messi-maradona\/2017\/10\" target=\"_blank\" rel=\"noopener\">VER M\u00c1S: El gol de Premier League que envidian Messi y Maradona<\/a><\/p>\n<p>&nbsp;<\/p>\n","protected":false},"excerpt":{"rendered":"<p>El mexicano tuvo una gran actuaci\u00f3n con asistencia, gol y lujos<\/p>\n","protected":false},"author":159,"featured_media":505885,"comment_status":"closed","ping_status":"closed","sticky":false,"template":"","format":"standard","meta":[],"categories":[5,3839],"tags":[6006,5995,5443,1035,1208,715,6045],"_links":{"self":[{"href":"http:\/\/desarrollo.grupomedios.com\/futbol\/wp-json\/wp\/v2\/posts\/505881"}],"collection":[{"href":"http:\/\/desarrollo.grupomedios.com\/futbol\/wp-json\/wp\/v2\/posts"}],"about":[{"href":"http:\/\/desarrollo.grupomedios.com\/futbol\/wp-json\/wp\/v2\/types\/post"}],"author":[{"embeddable":true,"href":"http:\/\/desarrollo.grupomedios.com\/futbol\/wp-json\/wp\/v2\/users\/159"}],"replies":[{"embeddable":true,"href":"http:\/\/desarrollo.grupomedios.com\/futbol\/wp-json\/wp\/v2\/comments?post=505881"}],"version-history":[{"count":1,"href":"http:\/\/desarrollo.grupomedios.com\/futbol\/wp-json\/wp\/v2\/posts\/505881\/revisions"}],"predecessor-version":[{"id":505886,"href":"http:\/\/desarrollo.grupomedios.com\/futbol\/wp-json\/wp\/v2\/posts\/505881\/revisions\/505886"}],"wp:featuredmedia":[{"embeddable":true,"href":"http:\/\/desarrollo.grupomedios.com\/futbol\/wp-json\/wp\/v2\/media\/505885"}],"wp:attachment":[{"href":"http:\/\/desarrollo.grupomedios.com\/futbol\/wp-json\/wp\/v2\/media?parent=505881"}],"wp:term":[{"taxonomy":"category","embeddable":true,"href":"http:\/\/desarrollo.grupomedios.com\/futbol\/wp-json\/wp\/v2\/categories?post=505881"},{"taxonomy":"post_tag","embeddable":true,"href":"http:\/\/desarrollo.grupomedios.com\/futbol\/wp-json\/wp\/v2\/tags?post=505881"}],"curies":[{"name":"wp","href":"https:\/\/api.w.org\/{rel}","templated":true}]}}