{"id":505895,"date":"2017-10-21T18:38:24","date_gmt":"2017-10-21T23:38:24","guid":{"rendered":"https:\/\/www.futboltotal.com.mx\/?p=505895"},"modified":"2017-10-21T18:38:24","modified_gmt":"2017-10-21T23:38:24","slug":"andre-pierre-gignac-confiesa-club-sus-amores","status":"publish","type":"post","link":"http:\/\/desarrollo.grupomedios.com\/futbol\/futbol-mexicano\/andre-pierre-gignac-confiesa-club-sus-amores\/2017\/10","title":{"rendered":"Andr\u00e9-Pierre Gignac confiesa cu\u00e1l es el club de sus amores"},"content":{"rendered":"<p>El delantero franc\u00e9s,<strong> Andr\u00e9-Pierre Gignac<\/strong>, delantero de<strong> Tigres UANL<\/strong> expres\u00f3 en una entrevista cu\u00e1l es el equipo que tiene su coraz\u00f3n por completo y sorprendi\u00f3 a todos con la respuesta, pues no se trata del cuadro felino aquel que tendr\u00e1 su amor por siempre.<\/p>\n<p>En el canal\u00a0oficial de\u00a0<strong>YouTube\u00a0<\/strong>del\u00a0<strong>Olympique de Marsella<\/strong>, el delantero dio unas palabras para expresarse sobre el club de Francia y no se detuvo en elogiarlo en todo momento y hablar de la ciudad donde creci\u00f3 y en donde su familia a\u00fan vive. Adem\u00e1s asegur\u00f3 que es due\u00f1o de su coraz\u00f3n y es la camiseta que siempre so\u00f1\u00f3 con vestir.<\/p>\n<p>&#8220;\u00a1Marsella y el\u00a0<strong>Olympique\u00a0<\/strong>son mi vida! No puedo explicarte, esa ciudad y ese club, es algo que tienes que expermientar para que lo entiendas. Es mi ciudad, donde vive mi familia. \u00a1Mi sangre es azul y blanca, es verdad!&#8221;, declar\u00f3\u00a0<strong>Gignac<\/strong>.<\/p>\n<p style=\"text-align: center;\"><a href=\"https:\/\/www.futboltotal.com.mx\/futbol-internacional\/porto-6-pacos-de-ferreira-1-primeira-liga-resumen\/2017\/10\" target=\"_blank\" rel=\"noopener\">VER M\u00c1S: Tecatito Corona se luce en goleada del Porto<\/a><\/p>\n<p>Por otro lado confes\u00f3 que el Marsella ser\u00e1 el equipo al que siempre va a seguir a la muerte;\u00a0&#8220;\u00a1Amo a ese club! Lo seguir\u00e9 hasta el final de mi carrera, y seguir\u00e9 siendo fan del\u00a0<strong>OM\u00a0<\/strong>hasta el d\u00eda de mi muerte&#8221;, puntualiz\u00f3\u00a0<strong>Andr\u00e9-Pierre Gignac<\/strong>.<\/p>\n<p>Gignac jug\u00f3 de 2010 a 2015 en el cuadro de la <strong>Ligue 1<\/strong>, jug\u00f3 186 partidos y anot\u00f3<strong> 77 goles<\/strong>, logr\u00f3 ganar la <strong>Copa de la Liga<\/strong> en dos ocasiones y una <strong>Supercopa de Francia<\/strong>.<\/p>\n<p><iframe loading=\"lazy\" src=\"https:\/\/www.youtube.com\/embed\/sw1KN-APJ7g?feature=oembed\" frameborder=\"0\" allowfullscreen><\/iframe><\/p>\n<p style=\"text-align: center;\"><a href=\"https:\/\/www.futboltotal.com.mx\/futbol-internacional\/inter-ac-milan-se-disputan-a-crack-del-paris-saint-germain\/2017\/10\" target=\"_blank\" rel=\"noopener\">VER M\u00c1S: Inter y AC Milan se disputan a crack del Paris Saint-Germain<\/a><\/p>\n","protected":false},"excerpt":{"rendered":"<p>El franc\u00e9s se sincer\u00f3 al respecto de su vida en Francia<\/p>\n","protected":false},"author":159,"featured_media":505897,"comment_status":"closed","ping_status":"closed","sticky":false,"template":"","format":"standard","meta":[],"categories":[2198,3845],"tags":[5564,64,408,7469,5973],"_links":{"self":[{"href":"http:\/\/desarrollo.grupomedios.com\/futbol\/wp-json\/wp\/v2\/posts\/505895"}],"collection":[{"href":"http:\/\/desarrollo.grupomedios.com\/futbol\/wp-json\/wp\/v2\/posts"}],"about":[{"href":"http:\/\/desarrollo.grupomedios.com\/futbol\/wp-json\/wp\/v2\/types\/post"}],"author":[{"embeddable":true,"href":"http:\/\/desarrollo.grupomedios.com\/futbol\/wp-json\/wp\/v2\/users\/159"}],"replies":[{"embeddable":true,"href":"http:\/\/desarrollo.grupomedios.com\/futbol\/wp-json\/wp\/v2\/comments?post=505895"}],"version-history":[{"count":1,"href":"http:\/\/desarrollo.grupomedios.com\/futbol\/wp-json\/wp\/v2\/posts\/505895\/revisions"}],"predecessor-version":[{"id":505898,"href":"http:\/\/desarrollo.grupomedios.com\/futbol\/wp-json\/wp\/v2\/posts\/505895\/revisions\/505898"}],"wp:featuredmedia":[{"embeddable":true,"href":"http:\/\/desarrollo.grupomedios.com\/futbol\/wp-json\/wp\/v2\/media\/505897"}],"wp:attachment":[{"href":"http:\/\/desarrollo.grupomedios.com\/futbol\/wp-json\/wp\/v2\/media?parent=505895"}],"wp:term":[{"taxonomy":"category","embeddable":true,"href":"http:\/\/desarrollo.grupomedios.com\/futbol\/wp-json\/wp\/v2\/categories?post=505895"},{"taxonomy":"post_tag","embeddable":true,"href":"http:\/\/desarrollo.grupomedios.com\/futbol\/wp-json\/wp\/v2\/tags?post=505895"}],"curies":[{"name":"wp","href":"https:\/\/api.w.org\/{rel}","templated":true}]}}