{"id":505972,"date":"2017-10-22T10:54:01","date_gmt":"2017-10-22T15:54:01","guid":{"rendered":"https:\/\/www.futboltotal.com.mx\/?p=505972"},"modified":"2017-10-22T10:55:08","modified_gmt":"2017-10-22T15:55:08","slug":"asaltan-a-futbolista-primera-division-cuando-iba-al-entrenamiento","status":"publish","type":"post","link":"http:\/\/desarrollo.grupomedios.com\/futbol\/futbol-internacional\/asaltan-a-futbolista-primera-division-cuando-iba-al-entrenamiento\/2017\/10","title":{"rendered":"Asaltan a futbolista de Primera Divisi\u00f3n cuando iba al entrenamiento"},"content":{"rendered":"<p><strong>POR: EFE<\/strong><\/p>\n<p>El portero <strong>Jefferson<\/strong>, jugador del <strong>Botafogo<\/strong> y exguardameta de la selecci\u00f3n brasile\u00f1a, fue asaltado hoy cuando llegaba al entrenamiento del club de <strong>R\u00edo de Janeiro<\/strong> por delincuentes que lo despojaron de su veh\u00edculo pero que no lo agredieron, informaron fuentes oficiales.<\/p>\n<p>Jefferson fue interceptado por los delincuentes cuando estaba pr\u00f3ximo al estadio<strong> Nilton Santos de R\u00edo de Janeiro<\/strong>, en donde participar\u00eda del entrenamiento del Botafogo para el partido del lunes frente al Corinthians, el actual l\u00edder del Campeonato Brasile\u00f1o, de la trig\u00e9sima jornada de la Liga.<\/p>\n<p>Tras ser rendido por los delincuentes armados, el futbolista fue obligado a abandonar el veh\u00edculo y dejado en libertad sin ning\u00fan tipo de agresi\u00f3n f\u00edsica.<\/p>\n<p style=\"text-align: center;\"><span style=\"color: #333399;\"><a href=\"https:\/\/www.futboltotal.com.mx\/especial-ft\/wolfsburgo-quiere-tener-detallazo-aficionado-lobos-buap\/2017\/10\">VER M\u00c1S:\u00a0<span class=\"item-title\">Wolfsburgo quiere tener \u2018detallazo\u2019 con aficionado de Lobos BUAP<\/span><\/a><\/span><\/p>\n<p style=\"text-align: left;\">El portero, uno de los actuales \u00eddolos del Botafogo y que ha conquistado tres t\u00edtulos con el club, fue liberado por el t\u00e9cnico <strong>Jair Ventura<\/strong> para que acudiese a una comisar\u00eda de Polic\u00eda a realizar la respectiva denuncia.<\/p>\n<p>El Botafogo inform\u00f3 de que sus representantes legales lo acompa\u00f1aron en la gesti\u00f3n.<\/p>\n<p>La ausencia en el entrenamiento no afectar\u00e1 al club debido a que Jefferson ser\u00e1 suplente el lunes del portero paraguayo Roberto &#8216;Gatito&#8217; Fern\u00e1ndez, que viene ejerciendo como titular.<\/p>\n<p style=\"text-align: center;\"><span style=\"color: #333399;\"><a href=\"https:\/\/www.futboltotal.com.mx\/destacado-home\/hirving-lozano-anota-en-regreso-psv-golea-en-casa\/2017\/10\">VER M\u00c1S:\u00a0<span class=\"item-title\">Hirving Lozano anota en su regreso y el PSV golea en casa<\/span><\/a><\/span><\/p>\n<p style=\"text-align: left;\">En septiembre pasado, el guardameta Gabriel F\u00e9lix, sustituto del uruguayo Mart\u00edn Silva en la porter\u00eda del Vasco da Gama, fue asaltado igualmente en un barrio de la zona norte de R\u00edo de Janeiro por delincuentes que lo agredieron violentamente para robarle el tel\u00e9fono m\u00f3vil.<\/p>\n<p>R\u00edo de Janeiro se enfrenta a una inusitada ola de violencia desde que fue sede de los Juegos Ol\u00edmpicos de 2016, que oblig\u00f3 al Gobierno brasile\u00f1o a reforzar la seguridad con unos 10.000 miembros de las Fuerzas Armadas, con la perspectiva de que permanezcan en la ciudad m\u00e1s emblem\u00e1tica de Brasil hasta finales de 2018.<\/p>\n","protected":false},"excerpt":{"rendered":"<p>El futbolista fue atracado cuando se dirig\u00eda a entrenar<\/p>\n","protected":false},"author":160,"featured_media":505973,"comment_status":"closed","ping_status":"closed","sticky":false,"template":"","format":"standard","meta":[],"categories":[3839],"tags":[2955,4133,10780,2608],"_links":{"self":[{"href":"http:\/\/desarrollo.grupomedios.com\/futbol\/wp-json\/wp\/v2\/posts\/505972"}],"collection":[{"href":"http:\/\/desarrollo.grupomedios.com\/futbol\/wp-json\/wp\/v2\/posts"}],"about":[{"href":"http:\/\/desarrollo.grupomedios.com\/futbol\/wp-json\/wp\/v2\/types\/post"}],"author":[{"embeddable":true,"href":"http:\/\/desarrollo.grupomedios.com\/futbol\/wp-json\/wp\/v2\/users\/160"}],"replies":[{"embeddable":true,"href":"http:\/\/desarrollo.grupomedios.com\/futbol\/wp-json\/wp\/v2\/comments?post=505972"}],"version-history":[{"count":2,"href":"http:\/\/desarrollo.grupomedios.com\/futbol\/wp-json\/wp\/v2\/posts\/505972\/revisions"}],"predecessor-version":[{"id":505975,"href":"http:\/\/desarrollo.grupomedios.com\/futbol\/wp-json\/wp\/v2\/posts\/505972\/revisions\/505975"}],"wp:featuredmedia":[{"embeddable":true,"href":"http:\/\/desarrollo.grupomedios.com\/futbol\/wp-json\/wp\/v2\/media\/505973"}],"wp:attachment":[{"href":"http:\/\/desarrollo.grupomedios.com\/futbol\/wp-json\/wp\/v2\/media?parent=505972"}],"wp:term":[{"taxonomy":"category","embeddable":true,"href":"http:\/\/desarrollo.grupomedios.com\/futbol\/wp-json\/wp\/v2\/categories?post=505972"},{"taxonomy":"post_tag","embeddable":true,"href":"http:\/\/desarrollo.grupomedios.com\/futbol\/wp-json\/wp\/v2\/tags?post=505972"}],"curies":[{"name":"wp","href":"https:\/\/api.w.org\/{rel}","templated":true}]}}