{"id":506007,"date":"2017-10-22T14:54:49","date_gmt":"2017-10-22T19:54:49","guid":{"rendered":"https:\/\/www.futboltotal.com.mx\/?p=506007"},"modified":"2017-10-22T14:54:49","modified_gmt":"2017-10-22T19:54:49","slug":"raul-jimenez-participa-en-victoria-del-benfica-2","status":"publish","type":"post","link":"http:\/\/desarrollo.grupomedios.com\/futbol\/futbol-internacional\/raul-jimenez-participa-en-victoria-del-benfica-2\/2017\/10","title":{"rendered":"Ra\u00fal Jim\u00e9nez &#8216;participa&#8217; en victoria del Benfica"},"content":{"rendered":"<p>El <strong>Benfica<\/strong> del mexicano <strong>Ra\u00fal Jim\u00e9nez<\/strong> y que est\u00e1 muy necesitado de victorias por su mal papel en Europa y su arranque dubitativo en la Liga, venci\u00f3 a domicilio al Desportivo das Aves por 1-3 y mantiene la tercera posici\u00f3n, a cinco puntos del <strong>Porto<\/strong>, que es l\u00edder, y con los mismos que el Sporting, que tiene un partido menos.<\/p>\n<blockquote class=\"twitter-tweet\" data-width=\"500\">\n<p lang=\"pt\" dir=\"ltr\"><a href=\"https:\/\/twitter.com\/hashtag\/CDASLB?src=hash&amp;ref_src=twsrc%5Etfw\">#CDASLB<\/a> | \u23f9 Termina o encontro! | Resultado final: Desportivo das Aves 1-3 SL Benfica. Rev\u00ea tudo no nosso Game Hub! <a href=\"https:\/\/t.co\/DqegHZC18M\">https:\/\/t.co\/DqegHZC18M<\/a> <a href=\"https:\/\/t.co\/QsNRney0SQ\">pic.twitter.com\/QsNRney0SQ<\/a><\/p>\n<p>&mdash; SL Benfica (@SLBenfica) <a href=\"https:\/\/twitter.com\/SLBenfica\/status\/922174310718033920?ref_src=twsrc%5Etfw\">October 22, 2017<\/a><\/p><\/blockquote>\n<p><script async src=\"\/\/platform.twitter.com\/widgets.js\" charset=\"utf-8\"><\/script><\/p>\n<p>El marcador lo abri\u00f3 de penalti el delantero brasile\u00f1o de los encarnados <strong>Jon\u00e1s<\/strong>, que anot\u00f3 su d\u00e9cimo tanto en la Liga y encabeza la clasificaci\u00f3n de goleadores.<\/p>\n<p>Al final del primer tiempo el <strong>Aves<\/strong> apret\u00f3 y, aunque lleg\u00f3 en varias ocasiones, no logr\u00f3 perforar la porter\u00eda de los encarnados. En el segundo tiempo, el gol de la tranquilidad para el Benfica lleg\u00f3 en el minuto 50 y lo firm\u00f3 el suizo<strong> Seferovic<\/strong>.<\/p>\n<p style=\"text-align: center;\"><span style=\"color: #3366ff;\"><a href=\"https:\/\/www.futboltotal.com.mx\/futbol-internacional\/lalo-herrera-explota-encara-a-rival-en-derrota-del-rangers\/2017\/10\">VER M\u00c1S: Lalo Herrera explota y encara a rival en derrota del Rangers<\/a><\/span><\/p>\n<p>Sin embargo, en el 76, el Desportivo das Aves se volvi\u00f3 a meter en el partido con un gol de cabeza de Defendi, tras un lanzamiento de c\u00f3rner. En el minuto 80, un penalti sobre<strong> Pizzi<\/strong>, que inici\u00f3 el encuentro de suplente, lo lanz\u00f3 Jon\u00e1s para hacer el 3-1 definitivo y devolver la tranquilidad a los de <strong>Rui Vitoria<\/strong>.<\/p>\n<p>Fue al minuto 90&#8242; cuando Jim\u00e9nez ingres\u00f3 de cambio pero ya no pudo hacer mucho por el equipo de las <strong>\u00c1guilas<\/strong>, que ya estaba arriba en el marcador.<\/p>\n<blockquote class=\"twitter-tweet\" data-data-dnt=\"true\">\n<p lang=\"pt\" dir=\"ltr\"><a href=\"https:\/\/twitter.com\/hashtag\/CDASLB?src=hash&amp;ref_src=twsrc%5Etfw\">#CDASLB<\/a> | 1-3 | \ud83d\udd04 90&#39; Substitui\u00e7\u00e3o: sai Seferovic, entra <a href=\"https:\/\/twitter.com\/Raul_Jimenez?ref_src=twsrc%5Etfw\">@Raul_Jimenez<\/a>.<\/p>\n<p>&mdash; SL Benfica (@SLBenfica) <a href=\"https:\/\/twitter.com\/SLBenfica\/status\/922173217858641921?ref_src=twsrc%5Etfw\">October 22, 2017<\/a><\/p><\/blockquote>\n<p><script async src=\"https:\/\/platform.twitter.com\/widgets.js\" charset=\"utf-8\"><\/script><\/p>\n<p>De momento, la Liga est\u00e1 liderada por el Oporto, que ayer venci\u00f3 por 6-1 al Pa\u00e7os de Ferreira.<\/p>\n","protected":false},"excerpt":{"rendered":"<p>El mexicano solo pudo jugar tres minutos tras ingresar al 90&#8242;.<\/p>\n","protected":false},"author":129,"featured_media":494867,"comment_status":"closed","ping_status":"closed","sticky":false,"template":"","format":"standard","meta":[],"categories":[3839,6718],"tags":[6060,6214,3804,742],"_links":{"self":[{"href":"http:\/\/desarrollo.grupomedios.com\/futbol\/wp-json\/wp\/v2\/posts\/506007"}],"collection":[{"href":"http:\/\/desarrollo.grupomedios.com\/futbol\/wp-json\/wp\/v2\/posts"}],"about":[{"href":"http:\/\/desarrollo.grupomedios.com\/futbol\/wp-json\/wp\/v2\/types\/post"}],"author":[{"embeddable":true,"href":"http:\/\/desarrollo.grupomedios.com\/futbol\/wp-json\/wp\/v2\/users\/129"}],"replies":[{"embeddable":true,"href":"http:\/\/desarrollo.grupomedios.com\/futbol\/wp-json\/wp\/v2\/comments?post=506007"}],"version-history":[{"count":1,"href":"http:\/\/desarrollo.grupomedios.com\/futbol\/wp-json\/wp\/v2\/posts\/506007\/revisions"}],"predecessor-version":[{"id":506008,"href":"http:\/\/desarrollo.grupomedios.com\/futbol\/wp-json\/wp\/v2\/posts\/506007\/revisions\/506008"}],"wp:featuredmedia":[{"embeddable":true,"href":"http:\/\/desarrollo.grupomedios.com\/futbol\/wp-json\/wp\/v2\/media\/494867"}],"wp:attachment":[{"href":"http:\/\/desarrollo.grupomedios.com\/futbol\/wp-json\/wp\/v2\/media?parent=506007"}],"wp:term":[{"taxonomy":"category","embeddable":true,"href":"http:\/\/desarrollo.grupomedios.com\/futbol\/wp-json\/wp\/v2\/categories?post=506007"},{"taxonomy":"post_tag","embeddable":true,"href":"http:\/\/desarrollo.grupomedios.com\/futbol\/wp-json\/wp\/v2\/tags?post=506007"}],"curies":[{"name":"wp","href":"https:\/\/api.w.org\/{rel}","templated":true}]}}