{"id":506014,"date":"2017-10-22T16:20:36","date_gmt":"2017-10-22T21:20:36","guid":{"rendered":"https:\/\/www.futboltotal.com.mx\/?p=506014"},"modified":"2017-10-22T16:20:36","modified_gmt":"2017-10-22T21:20:36","slug":"miguel-herrera-responde-a-jemez-presume-america-grande","status":"publish","type":"post","link":"http:\/\/desarrollo.grupomedios.com\/futbol\/destacado-home\/miguel-herrera-responde-a-jemez-presume-america-grande\/2017\/10","title":{"rendered":"Miguel Herrera responde a J\u00e9mez y presume que Am\u00e9rica s\u00ed es grande"},"content":{"rendered":"<p><strong>Am\u00e9rica<\/strong> y <strong>Cruz Azul<\/strong> se enfrentar\u00e1n el pr\u00f3ximo martes en los <strong>Cuartos de Final de la Copa MX<\/strong> y es por ello que el t\u00e9cnico azulcrema, <strong>Miguel Herrera<\/strong>, aprovech\u00f3 para mandarle un mensaje a su rival y a Paco J\u00e9mez tras sus pol\u00e9micas declaraciones.<\/p>\n<p>Tras la <span style=\"color: #3366ff;\"><a href=\"https:\/\/www.futboltotal.com.mx\/destacado-home\/lobos-buap-3-cruz-azul-0-liga-mx-apertura-2017-resumen\/2017\/10\">derrota de los cementeros ante Lobos BUAP<\/a><\/span>, el t\u00e9cnico espa\u00f1ol <span style=\"color: #3366ff;\"><a href=\"https:\/\/www.futboltotal.com.mx\/destacado-home\/cruz-azul-equipo-grande-paco-jemez\/2017\/10\">asegur\u00f3 que &#8220;Cruz Azul no es un equipo grande&#8221;<\/a><\/span> y gener\u00f3 la pol\u00e9mica entre todos los aficionados y medios de comunicaci\u00f3n, llegando hasta el<strong> Piojo Herrera<\/strong>, quien tambi\u00e9n respondi\u00f3 al timonel.<\/p>\n<p>&#8220;Es un equipo importante y por eso tiene tantos t\u00edtulos. Nosotros no decimos qui\u00e9n es grande, lo dicen ustedes y la gente. Ellos tienen rato que no tienen un logro para su instituci\u00f3n, pero est\u00e1 dentro de los cuatro grandes. Si \u00e9l cree que su cuadro no es grande, el m\u00edo s\u00ed\u201d, coment\u00f3 Miguel Herera.<\/p>\n<p style=\"text-align: center;\"><span style=\"color: #3366ff;\"><a href=\"https:\/\/www.futboltotal.com.mx\/futbol-mexicano\/andre-pierre-gignac-estaria-mira-flamengo-brasil\/2017\/10\">VER M\u00c1S: Andr\u00e9-Pierre Gignac estar\u00eda en la mira del Flamengo<\/a><\/span><\/p>\n<p><iframe loading=\"lazy\" src=\"https:\/\/www.youtube.com\/embed\/5PvtKXOKdoY?feature=oembed\" frameborder=\"0\" allowfullscreen><\/iframe><\/p>\n<p>Este martes se volver\u00e1n a enfrentar \u00c1guilas y Cementeros pero ahora ser\u00e1 por el pase a Semifinales del torneo de Copa, pues en la Liga MX el Am\u00e9rica despach\u00f3 como visitante 3-1 a Cruz Azul.<\/p>\n<p>https:\/\/twitter.com\/CopaCoronaMx\/status\/921926639080148994<\/p>\n","protected":false},"excerpt":{"rendered":"<p>El azulcrema destac\u00f3 el valor del Am\u00e9rica.<\/p>\n","protected":false},"author":129,"featured_media":506015,"comment_status":"closed","ping_status":"closed","sticky":false,"template":"","format":"standard","meta":[],"categories":[5,2198,3845],"tags":[5959,285,5962,64,255,7053],"_links":{"self":[{"href":"http:\/\/desarrollo.grupomedios.com\/futbol\/wp-json\/wp\/v2\/posts\/506014"}],"collection":[{"href":"http:\/\/desarrollo.grupomedios.com\/futbol\/wp-json\/wp\/v2\/posts"}],"about":[{"href":"http:\/\/desarrollo.grupomedios.com\/futbol\/wp-json\/wp\/v2\/types\/post"}],"author":[{"embeddable":true,"href":"http:\/\/desarrollo.grupomedios.com\/futbol\/wp-json\/wp\/v2\/users\/129"}],"replies":[{"embeddable":true,"href":"http:\/\/desarrollo.grupomedios.com\/futbol\/wp-json\/wp\/v2\/comments?post=506014"}],"version-history":[{"count":1,"href":"http:\/\/desarrollo.grupomedios.com\/futbol\/wp-json\/wp\/v2\/posts\/506014\/revisions"}],"predecessor-version":[{"id":506016,"href":"http:\/\/desarrollo.grupomedios.com\/futbol\/wp-json\/wp\/v2\/posts\/506014\/revisions\/506016"}],"wp:featuredmedia":[{"embeddable":true,"href":"http:\/\/desarrollo.grupomedios.com\/futbol\/wp-json\/wp\/v2\/media\/506015"}],"wp:attachment":[{"href":"http:\/\/desarrollo.grupomedios.com\/futbol\/wp-json\/wp\/v2\/media?parent=506014"}],"wp:term":[{"taxonomy":"category","embeddable":true,"href":"http:\/\/desarrollo.grupomedios.com\/futbol\/wp-json\/wp\/v2\/categories?post=506014"},{"taxonomy":"post_tag","embeddable":true,"href":"http:\/\/desarrollo.grupomedios.com\/futbol\/wp-json\/wp\/v2\/tags?post=506014"}],"curies":[{"name":"wp","href":"https:\/\/api.w.org\/{rel}","templated":true}]}}