{"id":506071,"date":"2017-10-23T08:30:44","date_gmt":"2017-10-23T13:30:44","guid":{"rendered":"https:\/\/www.futboltotal.com.mx\/?p=506071"},"modified":"2017-10-23T09:41:12","modified_gmt":"2017-10-23T14:41:12","slug":"cristiano-messi-neymar-optan-al-premio-the-best-2017","status":"publish","type":"post","link":"http:\/\/desarrollo.grupomedios.com\/futbol\/destacado-home\/cristiano-messi-neymar-optan-al-premio-the-best-2017\/2017\/10","title":{"rendered":"Cristiano, Messi y Neymar optan al premio The Best 2017"},"content":{"rendered":"<p><strong>POR: STAFF FT<\/strong><\/p>\n<p>Ha llegado el d\u00eda en el que se revelar\u00e1 al ganador del <strong>premio<\/strong> <strong>The Best 2017<\/strong>, galard\u00f3n al que optan el portugu\u00e9s <strong>Cristiano Ronaldo<\/strong>, el argentino <strong>Lionel Messi<\/strong> y el brasile\u00f1o <strong>Neymar<\/strong>, aunque es el jugador del <strong>Real Madrid<\/strong> quien parte como claro favorito para levantar el trofeo de la <strong>FIFA<\/strong> por segundo a\u00f1o consecutivo.<\/p>\n<p>Para este 2017, el The Best ha sufrido una serie de cambios, iniciando por la \u00e9poca en la que se entrega, ya que de enero pasa a entregarse este octubre, tres meses antes, una decisi\u00f3n directa de la c\u00fapula del m\u00e1ximo organismo rector del futbol en busca de desmarcarse del todo del <strong>Ballon d&#8217;Or<\/strong>, premio entregado por la publicaci\u00f3n francesa <strong>France Football<\/strong> que de 2010 a 2015 entreg\u00f3 en conjunto con FIFA.<\/p>\n<p style=\"text-align: center;\"><a href=\"https:\/\/www.futboltotal.com.mx\/futbol-mexicano\/liga-mx\/alan-pulido-habria-sufrido-accidente-automovilistico\/2017\/10\" target=\"_blank\" rel=\"noopener\"><span style=\"color: #333399;\">VER M\u00c1S: Alan Pulido habr\u00eda sufrido terrible accidente automovil\u00edstico<\/span><\/a><\/p>\n<p>Tambi\u00e9n destaca la adecuaci\u00f3n de premiar a los mejores jugadores del a\u00f1o futbol\u00edstico, en este caso la temporada 2016-2017, y no a quienes deslumbraron a lo largo del a\u00f1o natural.<\/p>\n<p>&nbsp;<\/p>\n<blockquote class=\"twitter-video\" data-lang=\"es\">\n<p dir=\"ltr\" lang=\"und\">&#x1f60d;&#x1f3c6;<a href=\"https:\/\/twitter.com\/hashtag\/TheBest?src=hash&amp;ref_src=twsrc%5Etfw\">#TheBest<\/a> <a href=\"https:\/\/t.co\/ERDs1Cityk\">pic.twitter.com\/ERDs1Cityk<\/a><\/p>\n<p>\u2014 #TheBest &#x1f3c6; (@FIFAcom) <a href=\"https:\/\/twitter.com\/FIFAcom\/status\/922471800201732097?ref_src=twsrc%5Etfw\">23 de octubre de 2017<\/a><\/p><\/blockquote>\n<p><script async src=\"\/\/platform.twitter.com\/widgets.js\" charset=\"utf-8\"><\/script><\/p>\n<p>Asimismo, esta vez tambi\u00e9n se elegir\u00e1 al mejor portero, galard\u00f3n que se entregar\u00e1 entre la terna del italiano\u00a0<b> Gianluigi Buffon<\/b> que parte como favorito, el tico<b> Keylor Navas<\/b> y el alem\u00e1n<b> Manuel Neuer.<\/b><\/p>\n<p><b>Zinedine Zidane, Massimiliano Allegri<\/b> y<b> Antonio Conte<\/b>\u00a0conforman la terna de mejor entrenador, en un evento que se llevar\u00e1 a cabo en el\u00a0teatro <b>London Palladium <\/b>alrededor de las 13:30 horas tiempo de M\u00e9xico.<\/p>\n<p>&nbsp;<\/p>\n<blockquote class=\"twitter-video\" data-lang=\"es\">\n<p dir=\"ltr\" lang=\"en\">&#x1f3c6;&#x1f3a5;&#x1f440;<br \/>\nWe&#8217;ve had stars of the game &amp; <a href=\"https:\/\/twitter.com\/hashtag\/TheBest?src=hash&amp;ref_src=twsrc%5Etfw\">#TheBest<\/a> nominees calling by gearing up for Monday&#8217;s awards ceremony. Here&#8217;s a sneak peek of what went on! <a href=\"https:\/\/t.co\/bpxKIh9qs7\">pic.twitter.com\/bpxKIh9qs7<\/a><\/p>\n<p>\u2014 #TheBest &#x1f3c6; (@FIFAcom) <a href=\"https:\/\/twitter.com\/FIFAcom\/status\/922202148477181953?ref_src=twsrc%5Etfw\">22 de octubre de 2017<\/a><\/p><\/blockquote>\n<p><script async src=\"\/\/platform.twitter.com\/widgets.js\" charset=\"utf-8\"><\/script><\/p>\n<h4><b>TERNAS PARA EL PREMIO THE BEST 2017<\/b><\/h4>\n<p>Jugador de la FIFA 2016-2017 (Cristiano Ronaldo, Lionel Messi y Neymar)<\/p>\n<p>Jugadora de la FIFA 2016-2017 (Deyna Castellanos, Carli Lloyd y Lieke Martens)<\/p>\n<p>Portero de la FIFA 2016-2017 &#8211; Hombres (Gianluigi Buffon, Keylor Navas y Manuel Neuer)<\/p>\n<p>Entrenador de la FIFA 2016-2017 &#8211; Hombres (Massimiliano Allegri, Antonio Conte y Zinedine Zidane)<\/p>\n<p>Entrenador de la FIFA 2016 &#8211; Mujeres (Nils Nielsen, Gerard Precheur y Sarina Wiegman)<\/p>\n<p>Premio Pusk\u00e1s de FIFA &#8211; Mejor Gol del A\u00f1o (Deyna Castellanos, Olivier Giroud y Oscarine Masuluke)<\/p>\n<p>Premio a la Afici\u00f3n de la FIFA (aficionados del Borussia Dortmund; afici\u00f3n del Celtic y afici\u00f3n del FC Copenhague)<\/p>\n","protected":false},"excerpt":{"rendered":"<p>Ronaldo es el favorito para ganar un revolucionado premio otorgado por FIFA.<\/p>\n","protected":false},"author":154,"featured_media":506075,"comment_status":"closed","ping_status":"closed","sticky":false,"template":"","format":"standard","meta":[],"categories":[5,3839],"tags":[2354,6013,361,6027,5590,6012,10798,6841,960,6001,10797,2215],"_links":{"self":[{"href":"http:\/\/desarrollo.grupomedios.com\/futbol\/wp-json\/wp\/v2\/posts\/506071"}],"collection":[{"href":"http:\/\/desarrollo.grupomedios.com\/futbol\/wp-json\/wp\/v2\/posts"}],"about":[{"href":"http:\/\/desarrollo.grupomedios.com\/futbol\/wp-json\/wp\/v2\/types\/post"}],"author":[{"embeddable":true,"href":"http:\/\/desarrollo.grupomedios.com\/futbol\/wp-json\/wp\/v2\/users\/154"}],"replies":[{"embeddable":true,"href":"http:\/\/desarrollo.grupomedios.com\/futbol\/wp-json\/wp\/v2\/comments?post=506071"}],"version-history":[{"count":1,"href":"http:\/\/desarrollo.grupomedios.com\/futbol\/wp-json\/wp\/v2\/posts\/506071\/revisions"}],"predecessor-version":[{"id":506077,"href":"http:\/\/desarrollo.grupomedios.com\/futbol\/wp-json\/wp\/v2\/posts\/506071\/revisions\/506077"}],"wp:featuredmedia":[{"embeddable":true,"href":"http:\/\/desarrollo.grupomedios.com\/futbol\/wp-json\/wp\/v2\/media\/506075"}],"wp:attachment":[{"href":"http:\/\/desarrollo.grupomedios.com\/futbol\/wp-json\/wp\/v2\/media?parent=506071"}],"wp:term":[{"taxonomy":"category","embeddable":true,"href":"http:\/\/desarrollo.grupomedios.com\/futbol\/wp-json\/wp\/v2\/categories?post=506071"},{"taxonomy":"post_tag","embeddable":true,"href":"http:\/\/desarrollo.grupomedios.com\/futbol\/wp-json\/wp\/v2\/tags?post=506071"}],"curies":[{"name":"wp","href":"https:\/\/api.w.org\/{rel}","templated":true}]}}