{"id":506094,"date":"2017-10-23T11:05:34","date_gmt":"2017-10-23T16:05:34","guid":{"rendered":"https:\/\/www.futboltotal.com.mx\/?p=506094"},"modified":"2017-10-23T11:05:34","modified_gmt":"2017-10-23T16:05:34","slug":"chivas-da-comunicado-accidente-alan-pulido","status":"publish","type":"post","link":"http:\/\/desarrollo.grupomedios.com\/futbol\/destacado-home\/chivas-da-comunicado-accidente-alan-pulido\/2017\/10","title":{"rendered":"Chivas da comunicado sobre accidente de Alan Pulido"},"content":{"rendered":"<p><strong>Por: Staff FT<\/strong><\/p>\n<p>Las <strong>Chivas<\/strong> han lanzado un comunicado sobre <span style=\"color: #3366ff;\"><a href=\"https:\/\/www.futboltotal.com.mx\/destacado-home\/alan-pulido-habria-sufrido-accidente-automovilistico\/2017\/10\" target=\"_blank\" rel=\"noopener\">\u00a0la situaci\u00f3n de Alan Pulido<\/a><\/span>, quien sufri\u00f3 un accidente automovil\u00edstico este domingo 22 de octubres por la noche en el municipio de Zapopan, Jalisco.<\/p>\n<p>El veh\u00edculo de <strong>Pulido<\/strong> se impact\u00f3 en la parte trasera de otro autom\u00f3vil, siendo el coche del jugador del <strong>Reba\u00f1o<\/strong> el m\u00e1s afectado al ser p\u00e9rdida total, aunque el jugador sali\u00f3 ileso, as\u00ed lo anunci\u00f3 el club en el comunicado.<\/p>\n<p>A trav\u00e9s de Twitter, la cuenta de<strong> Chivas<\/strong> lanz\u00f3 el comunicado donde se da a conocer que el delantero no sufri\u00f3 lesiones as\u00ed como los detalles del incidente.<\/p>\n<p style=\"text-align: center;\"><a href=\"https:\/\/www.futboltotal.com.mx\/futbol-mexicano\/liga-mx\/alan-pulido-habria-sufrido-accidente-automovilistico\/2017\/10\"><span style=\"color: #3366ff;\">VER M\u00c1S: Alan Pulido habr\u00eda sufrido terrible accidente automovil\u00edstico<\/span><\/a><\/p>\n<div id=\"attachment_506097\" style=\"width: 695px\" class=\"wp-caption aligncenter\"><img aria-describedby=\"caption-attachment-506097\" decoding=\"async\" loading=\"lazy\" class=\"size-full wp-image-506097\" src=\"https:\/\/www.futboltotal.com.mx\/wp-content\/uploads\/2017\/10\/Screen-Shot-2017-10-23-at-10.53.24-AM.png\" alt=\"Comunicado de Chivas sobre el accidente automovil\u00edstico de Alan Pulido.\" srcset=\"http:\/\/desarrollo.grupomedios.com\/futbol\/wp-content\/uploads\/2017\/10\/Screen-Shot-2017-10-23-at-10.53.24-AM.png 685w, http:\/\/desarrollo.grupomedios.com\/futbol\/wp-content\/uploads\/2017\/10\/Screen-Shot-2017-10-23-at-10.53.24-AM-259x300.png 259w\" sizes=\"(max-width: 685px) 100vw, 685px\" \/><p id=\"caption-attachment-506097\" class=\"wp-caption-text\">Comunicado de Chivas sobre el incidente que tuvo el pasado domingo Alan Pulido, quien choc\u00f3 su automovil.<\/p><\/div>\n<p>Este es el comunicado sobre Alan Pulido que aparece en la p\u00e1gina oficial de las Chivas.<\/p>\n<blockquote class=\"twitter-tweet\" data-width=\"500\">\n<p lang=\"es\" dir=\"ltr\">Comunicado oficial sobre Alan <a href=\"https:\/\/twitter.com\/puliidooo?ref_src=twsrc%5Etfw\">@puliidooo<\/a> \u27a1\ufe0f<a href=\"https:\/\/t.co\/p9FJQdc3gS\">https:\/\/t.co\/p9FJQdc3gS<\/a> <a href=\"https:\/\/t.co\/jAfs9j44Mq\">pic.twitter.com\/jAfs9j44Mq<\/a><\/p>\n<p>&mdash; CHIVAS (@Chivas) <a href=\"https:\/\/twitter.com\/Chivas\/status\/922487395655790593?ref_src=twsrc%5Etfw\">October 23, 2017<\/a><\/p><\/blockquote>\n<p><script async src=\"\/\/platform.twitter.com\/widgets.js\" charset=\"utf-8\"><\/script><\/p>\n","protected":false},"excerpt":{"rendered":"<p>Chivas inform\u00f3 que el jugador sali\u00f3 ileso.<\/p>\n","protected":false},"author":129,"featured_media":506100,"comment_status":"closed","ping_status":"closed","sticky":false,"template":"","format":"standard","meta":[],"categories":[5,2198,3845],"tags":[10803,1607,70,3883,5963,64],"_links":{"self":[{"href":"http:\/\/desarrollo.grupomedios.com\/futbol\/wp-json\/wp\/v2\/posts\/506094"}],"collection":[{"href":"http:\/\/desarrollo.grupomedios.com\/futbol\/wp-json\/wp\/v2\/posts"}],"about":[{"href":"http:\/\/desarrollo.grupomedios.com\/futbol\/wp-json\/wp\/v2\/types\/post"}],"author":[{"embeddable":true,"href":"http:\/\/desarrollo.grupomedios.com\/futbol\/wp-json\/wp\/v2\/users\/129"}],"replies":[{"embeddable":true,"href":"http:\/\/desarrollo.grupomedios.com\/futbol\/wp-json\/wp\/v2\/comments?post=506094"}],"version-history":[{"count":2,"href":"http:\/\/desarrollo.grupomedios.com\/futbol\/wp-json\/wp\/v2\/posts\/506094\/revisions"}],"predecessor-version":[{"id":506102,"href":"http:\/\/desarrollo.grupomedios.com\/futbol\/wp-json\/wp\/v2\/posts\/506094\/revisions\/506102"}],"wp:featuredmedia":[{"embeddable":true,"href":"http:\/\/desarrollo.grupomedios.com\/futbol\/wp-json\/wp\/v2\/media\/506100"}],"wp:attachment":[{"href":"http:\/\/desarrollo.grupomedios.com\/futbol\/wp-json\/wp\/v2\/media?parent=506094"}],"wp:term":[{"taxonomy":"category","embeddable":true,"href":"http:\/\/desarrollo.grupomedios.com\/futbol\/wp-json\/wp\/v2\/categories?post=506094"},{"taxonomy":"post_tag","embeddable":true,"href":"http:\/\/desarrollo.grupomedios.com\/futbol\/wp-json\/wp\/v2\/tags?post=506094"}],"curies":[{"name":"wp","href":"https:\/\/api.w.org\/{rel}","templated":true}]}}