{"id":506111,"date":"2017-10-23T12:00:43","date_gmt":"2017-10-23T17:00:43","guid":{"rendered":"https:\/\/www.futboltotal.com.mx\/?p=506111"},"modified":"2017-10-23T14:47:02","modified_gmt":"2017-10-23T19:47:02","slug":"crack-la-jornada-14-enner-valencia","status":"publish","type":"post","link":"http:\/\/desarrollo.grupomedios.com\/futbol\/futbol-mexicano\/crack-la-jornada-14-enner-valencia\/2017\/10","title":{"rendered":"El Crack de la Jornada 14: Enner Valencia"},"content":{"rendered":"<p><strong>POR: STAFF FT<\/strong><\/p>\n<p>Terminada la <strong>Jornada 14<\/strong> del <strong>Apertura 2017<\/strong>, el ecuatoriano <strong>Enner Valencia<\/strong> fue el futbolista m\u00e1s destacado en esta fecha de la Liga MX, por lo que lo elegimos como el <strong>Crack de la Jornada<\/strong>.<\/p>\n<p>El atacante de los <strong>Tigres<\/strong> fue clave para que el cuadro regiomontano lograra derrotar por goleada al <strong>Toluca<\/strong>.<\/p>\n<p><a href=\"https:\/\/www.futboltotal.com.mx\/futbol-mexicano\/liga-mx\/11-ideal-la-jornada-14-del-apertura-2017-la-liga-mx\/2017\/10\" target=\"_blank\" rel=\"noopener\"><span style=\"color: #333399;\">VER M\u00c1S: El 11 ideal de la Jornada 14 del Apertura 2017 de la Liga MX<\/span><\/a><\/p>\n<p>Valencia convirti\u00f3 dos anotaciones, la primera de gran manufactura en jugada colectiva que termin\u00f3 con una escapada por parte del ariete, mientras que su segundo gol fue de penalti tras haber sido derribado dentro del \u00e1rea rival.<\/p>\n<p>Por ello, Enner Valencia es el Crack de la Jornada 14 del Apertura 2017.<\/p>\n<p class=\"p1\"><span class=\"s1\">[video_player]https:\/\/player.vimeo.com\/external\/239494828.hd.mp4?s=5daf20d1bf9417b5f8ad2bd7e49750fa8d80172b&amp;profile_id=174[\/video_player]<\/span><\/p>\n","protected":false},"excerpt":{"rendered":"<p>El atacante ecuatoriano se destap\u00f3 con dos goles ante el Toluca.<\/p>\n","protected":false},"author":154,"featured_media":506115,"comment_status":"closed","ping_status":"closed","sticky":false,"template":"","format":"standard","meta":[],"categories":[7570,2198,3845],"tags":[8357,10808,6108,5973],"_links":{"self":[{"href":"http:\/\/desarrollo.grupomedios.com\/futbol\/wp-json\/wp\/v2\/posts\/506111"}],"collection":[{"href":"http:\/\/desarrollo.grupomedios.com\/futbol\/wp-json\/wp\/v2\/posts"}],"about":[{"href":"http:\/\/desarrollo.grupomedios.com\/futbol\/wp-json\/wp\/v2\/types\/post"}],"author":[{"embeddable":true,"href":"http:\/\/desarrollo.grupomedios.com\/futbol\/wp-json\/wp\/v2\/users\/154"}],"replies":[{"embeddable":true,"href":"http:\/\/desarrollo.grupomedios.com\/futbol\/wp-json\/wp\/v2\/comments?post=506111"}],"version-history":[{"count":1,"href":"http:\/\/desarrollo.grupomedios.com\/futbol\/wp-json\/wp\/v2\/posts\/506111\/revisions"}],"predecessor-version":[{"id":506116,"href":"http:\/\/desarrollo.grupomedios.com\/futbol\/wp-json\/wp\/v2\/posts\/506111\/revisions\/506116"}],"wp:featuredmedia":[{"embeddable":true,"href":"http:\/\/desarrollo.grupomedios.com\/futbol\/wp-json\/wp\/v2\/media\/506115"}],"wp:attachment":[{"href":"http:\/\/desarrollo.grupomedios.com\/futbol\/wp-json\/wp\/v2\/media?parent=506111"}],"wp:term":[{"taxonomy":"category","embeddable":true,"href":"http:\/\/desarrollo.grupomedios.com\/futbol\/wp-json\/wp\/v2\/categories?post=506111"},{"taxonomy":"post_tag","embeddable":true,"href":"http:\/\/desarrollo.grupomedios.com\/futbol\/wp-json\/wp\/v2\/tags?post=506111"}],"curies":[{"name":"wp","href":"https:\/\/api.w.org\/{rel}","templated":true}]}}