{"id":506114,"date":"2017-10-23T13:58:50","date_gmt":"2017-10-23T18:58:50","guid":{"rendered":"https:\/\/www.futboltotal.com.mx\/?p=506114"},"modified":"2017-10-23T14:18:49","modified_gmt":"2017-10-23T19:18:49","slug":"11-infame-la-jornada-14-del-apertura-2017","status":"publish","type":"post","link":"http:\/\/desarrollo.grupomedios.com\/futbol\/destacado-home\/11-infame-la-jornada-14-del-apertura-2017\/2017\/10","title":{"rendered":"El 11 infame de la jornada 14 del Apertura 2017"},"content":{"rendered":"<p>Se jug\u00f3 una fecha m\u00e1s de la <strong>Liga MX<\/strong> y el torneo va tomando su rumbo a la <strong>Liguilla<\/strong>, pues la <strong>Jornada 14<\/strong> del <strong>Apertura 2017<\/strong> dej\u00f3 a algunos equipos con sorpresivas derrotas y esto con algunos jugadores que no tuvieron una buena actuaci\u00f3n.<\/p>\n<p>Tras las encunetros disputados, en <strong>Futbol Total<\/strong> toc\u00f3 elegir a nuestro 11 infame, pues estos futbolistas fueron parte del mal desempe\u00f1o de sus equipos y que algunos tuvieran una p\u00e9rdida de puntos en el torneo.<\/p>\n<p style=\"text-align: center;\"><span style=\"color: #3366ff;\"><a href=\"https:\/\/www.futboltotal.com.mx\/futbol-mexicano\/liga-mx\/11-ideal-la-jornada-14-del-apertura-2017-la-liga-mx\/2017\/10\">VER M\u00c1S: El 11 ideal de la Jornada 14 del Apertura 2017 de la Liga MX<\/a><\/span><\/p>\n<p><img decoding=\"async\" loading=\"lazy\" class=\"size-full wp-image-506129 aligncenter\" src=\"https:\/\/www.futboltotal.com.mx\/wp-content\/uploads\/2017\/10\/11infame-jornada-14-liga-mx-wp.jpg\" alt=\"El 11 infame de la jornada 14 del Apertura 2017 0\" srcset=\"http:\/\/desarrollo.grupomedios.com\/futbol\/wp-content\/uploads\/2017\/10\/11infame-jornada-14-liga-mx-wp.jpg 858w, http:\/\/desarrollo.grupomedios.com\/futbol\/wp-content\/uploads\/2017\/10\/11infame-jornada-14-liga-mx-wp-229x300.jpg 229w, http:\/\/desarrollo.grupomedios.com\/futbol\/wp-content\/uploads\/2017\/10\/11infame-jornada-14-liga-mx-wp-768x1005.jpg 768w, http:\/\/desarrollo.grupomedios.com\/futbol\/wp-content\/uploads\/2017\/10\/11infame-jornada-14-liga-mx-wp-782x1024.jpg 782w\" sizes=\"(max-width: 858px) 100vw, 858px\" \/><\/p>\n","protected":false},"excerpt":{"rendered":"<p>Mira qui\u00e9nes forman parte de este infame.<\/p>\n","protected":false},"author":129,"featured_media":506133,"comment_status":"closed","ping_status":"closed","sticky":false,"template":"","format":"standard","meta":[],"categories":[5,2198,3845],"tags":[5959,8357,5962,64,74,5970,5973,5975],"_links":{"self":[{"href":"http:\/\/desarrollo.grupomedios.com\/futbol\/wp-json\/wp\/v2\/posts\/506114"}],"collection":[{"href":"http:\/\/desarrollo.grupomedios.com\/futbol\/wp-json\/wp\/v2\/posts"}],"about":[{"href":"http:\/\/desarrollo.grupomedios.com\/futbol\/wp-json\/wp\/v2\/types\/post"}],"author":[{"embeddable":true,"href":"http:\/\/desarrollo.grupomedios.com\/futbol\/wp-json\/wp\/v2\/users\/129"}],"replies":[{"embeddable":true,"href":"http:\/\/desarrollo.grupomedios.com\/futbol\/wp-json\/wp\/v2\/comments?post=506114"}],"version-history":[{"count":1,"href":"http:\/\/desarrollo.grupomedios.com\/futbol\/wp-json\/wp\/v2\/posts\/506114\/revisions"}],"predecessor-version":[{"id":506134,"href":"http:\/\/desarrollo.grupomedios.com\/futbol\/wp-json\/wp\/v2\/posts\/506114\/revisions\/506134"}],"wp:featuredmedia":[{"embeddable":true,"href":"http:\/\/desarrollo.grupomedios.com\/futbol\/wp-json\/wp\/v2\/media\/506133"}],"wp:attachment":[{"href":"http:\/\/desarrollo.grupomedios.com\/futbol\/wp-json\/wp\/v2\/media?parent=506114"}],"wp:term":[{"taxonomy":"category","embeddable":true,"href":"http:\/\/desarrollo.grupomedios.com\/futbol\/wp-json\/wp\/v2\/categories?post=506114"},{"taxonomy":"post_tag","embeddable":true,"href":"http:\/\/desarrollo.grupomedios.com\/futbol\/wp-json\/wp\/v2\/tags?post=506114"}],"curies":[{"name":"wp","href":"https:\/\/api.w.org\/{rel}","templated":true}]}}