{"id":506120,"date":"2017-10-23T14:32:16","date_gmt":"2017-10-23T19:32:16","guid":{"rendered":"https:\/\/www.futboltotal.com.mx\/?p=506120"},"modified":"2017-10-23T14:32:16","modified_gmt":"2017-10-23T19:32:16","slug":"moises-munoz-rechaza-fichar-para-club-cuervos","status":"publish","type":"post","link":"http:\/\/desarrollo.grupomedios.com\/futbol\/futbol-mexicano\/moises-munoz-rechaza-fichar-para-club-cuervos\/2017\/10","title":{"rendered":"Mois\u00e9s Mu\u00f1oz &#8216;rechaza&#8217; fichar para Club de Cuervos"},"content":{"rendered":"<p>El fen\u00f3meno de <strong>Club de Cuervos<\/strong> est\u00e1 presente entre la afici\u00f3n al futbol mexicano, pero incluso tambi\u00e9n entre los futbolistas de la Liga MX, como el portero <strong>Mois\u00e9s Mu\u00f1oz<\/strong>, quien aprovech\u00f3 un &#8216;fail&#8217; de la cuenta de Twitter de la serie para &#8216;trollearlos&#8217; y rechazar su fichaje con los <strong>Cuervos de Nuevo Toledo<\/strong>.<\/p>\n<p>La cuenta de la serie de <strong>Netflix<\/strong> public\u00f3 un dato sobre Mois\u00e9s Su\u00e1rez, pero no se dieron cuenta que en el copy escribieron &#8220;Mois\u00e9s Mu\u00f1oz&#8221;, citando al arquero del <strong>Puebla<\/strong>.<\/p>\n<p style=\"text-align: center;\"><a href=\"https:\/\/www.futboltotal.com.mx\/especial-ft\/wolfsburgo-quiere-tener-detallazo-aficionado-lobos-buap\/2017\/10\" target=\"_blank\" rel=\"noopener\"><span style=\"color: #333399;\">VER M\u00c1S: Wolfsburgo quiere tener detallazo con aficionado de Lobos BUAP<\/span><\/a><\/p>\n<p><img decoding=\"async\" loading=\"lazy\" class=\"aligncenter size-large wp-image-506136\" src=\"https:\/\/www.futboltotal.com.mx\/wp-content\/uploads\/2017\/10\/moises-munoz-club-cuervos-tuit-1024x576.jpg\" alt=\"Mois\u00e9s Mu\u00f1oz &#8216;rechaza&#8217; fichar para Club de Cuervos 0\" srcset=\"http:\/\/desarrollo.grupomedios.com\/futbol\/wp-content\/uploads\/2017\/10\/moises-munoz-club-cuervos-tuit-1024x576.jpg 1024w, http:\/\/desarrollo.grupomedios.com\/futbol\/wp-content\/uploads\/2017\/10\/moises-munoz-club-cuervos-tuit-300x169.jpg 300w, http:\/\/desarrollo.grupomedios.com\/futbol\/wp-content\/uploads\/2017\/10\/moises-munoz-club-cuervos-tuit-768x432.jpg 768w, http:\/\/desarrollo.grupomedios.com\/futbol\/wp-content\/uploads\/2017\/10\/moises-munoz-club-cuervos-tuit-393x221.jpg 393w, http:\/\/desarrollo.grupomedios.com\/futbol\/wp-content\/uploads\/2017\/10\/moises-munoz-club-cuervos-tuit.jpg 1136w\" sizes=\"(max-width: 1024px) 100vw, 1024px\" \/><\/p>\n<p>Ante esto, &#8216;<strong>Moi&#8217;<\/strong> no tard\u00f3 en reaccionar y de paso trollear a los Cuervos, agradeciendo la accidentada &#8216;invitaci\u00f3n&#8217; pero recordando que a\u00fan tiene contrato con <strong>La Franja<\/strong>.<\/p>\n<p><img decoding=\"async\" loading=\"lazy\" class=\"aligncenter size-large wp-image-506137\" src=\"https:\/\/www.futboltotal.com.mx\/wp-content\/uploads\/2017\/10\/moises-munoz-club-cuervos-tuit2-1024x576.jpg\" alt=\"Mois\u00e9s Mu\u00f1oz &#8216;rechaza&#8217; fichar para Club de Cuervos 1\" srcset=\"http:\/\/desarrollo.grupomedios.com\/futbol\/wp-content\/uploads\/2017\/10\/moises-munoz-club-cuervos-tuit2-1024x576.jpg 1024w, http:\/\/desarrollo.grupomedios.com\/futbol\/wp-content\/uploads\/2017\/10\/moises-munoz-club-cuervos-tuit2-300x169.jpg 300w, http:\/\/desarrollo.grupomedios.com\/futbol\/wp-content\/uploads\/2017\/10\/moises-munoz-club-cuervos-tuit2-768x432.jpg 768w, http:\/\/desarrollo.grupomedios.com\/futbol\/wp-content\/uploads\/2017\/10\/moises-munoz-club-cuervos-tuit2-393x221.jpg 393w, http:\/\/desarrollo.grupomedios.com\/futbol\/wp-content\/uploads\/2017\/10\/moises-munoz-club-cuervos-tuit2.jpg 1136w\" sizes=\"(max-width: 1024px) 100vw, 1024px\" \/><\/p>\n<p>El propio Club Puebla se sum\u00f3 al trolleo contra los Cuervos.<\/p>\n<p><img decoding=\"async\" loading=\"lazy\" class=\"aligncenter size-large wp-image-506138\" src=\"https:\/\/www.futboltotal.com.mx\/wp-content\/uploads\/2017\/10\/moises-munoz-club-cuervos-tuit3-1024x576.jpg\" alt=\"Mois\u00e9s Mu\u00f1oz &#8216;rechaza&#8217; fichar para Club de Cuervos 2\" srcset=\"http:\/\/desarrollo.grupomedios.com\/futbol\/wp-content\/uploads\/2017\/10\/moises-munoz-club-cuervos-tuit3-1024x576.jpg 1024w, http:\/\/desarrollo.grupomedios.com\/futbol\/wp-content\/uploads\/2017\/10\/moises-munoz-club-cuervos-tuit3-300x169.jpg 300w, http:\/\/desarrollo.grupomedios.com\/futbol\/wp-content\/uploads\/2017\/10\/moises-munoz-club-cuervos-tuit3-768x432.jpg 768w, http:\/\/desarrollo.grupomedios.com\/futbol\/wp-content\/uploads\/2017\/10\/moises-munoz-club-cuervos-tuit3-393x221.jpg 393w, http:\/\/desarrollo.grupomedios.com\/futbol\/wp-content\/uploads\/2017\/10\/moises-munoz-club-cuervos-tuit3.jpg 1136w\" sizes=\"(max-width: 1024px) 100vw, 1024px\" \/><\/p>\n","protected":false},"excerpt":{"rendered":"<p>El portero del Puebla rechaz\u00f3 su &#8216;fichaje&#8217; con los Cuervos de Nuevo Toledo.<\/p>\n","protected":false},"author":154,"featured_media":494970,"comment_status":"closed","ping_status":"closed","sticky":false,"template":"","format":"standard","meta":[],"categories":[5419,2198],"tags":[6171,635,5969],"_links":{"self":[{"href":"http:\/\/desarrollo.grupomedios.com\/futbol\/wp-json\/wp\/v2\/posts\/506120"}],"collection":[{"href":"http:\/\/desarrollo.grupomedios.com\/futbol\/wp-json\/wp\/v2\/posts"}],"about":[{"href":"http:\/\/desarrollo.grupomedios.com\/futbol\/wp-json\/wp\/v2\/types\/post"}],"author":[{"embeddable":true,"href":"http:\/\/desarrollo.grupomedios.com\/futbol\/wp-json\/wp\/v2\/users\/154"}],"replies":[{"embeddable":true,"href":"http:\/\/desarrollo.grupomedios.com\/futbol\/wp-json\/wp\/v2\/comments?post=506120"}],"version-history":[{"count":1,"href":"http:\/\/desarrollo.grupomedios.com\/futbol\/wp-json\/wp\/v2\/posts\/506120\/revisions"}],"predecessor-version":[{"id":506142,"href":"http:\/\/desarrollo.grupomedios.com\/futbol\/wp-json\/wp\/v2\/posts\/506120\/revisions\/506142"}],"wp:featuredmedia":[{"embeddable":true,"href":"http:\/\/desarrollo.grupomedios.com\/futbol\/wp-json\/wp\/v2\/media\/494970"}],"wp:attachment":[{"href":"http:\/\/desarrollo.grupomedios.com\/futbol\/wp-json\/wp\/v2\/media?parent=506120"}],"wp:term":[{"taxonomy":"category","embeddable":true,"href":"http:\/\/desarrollo.grupomedios.com\/futbol\/wp-json\/wp\/v2\/categories?post=506120"},{"taxonomy":"post_tag","embeddable":true,"href":"http:\/\/desarrollo.grupomedios.com\/futbol\/wp-json\/wp\/v2\/tags?post=506120"}],"curies":[{"name":"wp","href":"https:\/\/api.w.org\/{rel}","templated":true}]}}