{"id":506132,"date":"2017-10-23T14:27:29","date_gmt":"2017-10-23T19:27:29","guid":{"rendered":"https:\/\/www.futboltotal.com.mx\/?p=506132"},"modified":"2017-10-23T14:27:29","modified_gmt":"2017-10-23T19:27:29","slug":"aficion-del-celtic-fue-elegida-la-mejor-del-ano-2017","status":"publish","type":"post","link":"http:\/\/desarrollo.grupomedios.com\/futbol\/futbol-internacional\/aficion-del-celtic-fue-elegida-la-mejor-del-ano-2017\/2017\/10","title":{"rendered":"Afici\u00f3n del Celtic fue elegida la mejor del a\u00f1o 2017"},"content":{"rendered":"<p>El <strong>Celtic<\/strong> escoc\u00e9s ha recibido este lunes en Londres el premio a la mejor afici\u00f3n del a\u00f1o en la gala <strong>The Best<\/strong>\u00a0de la <strong>FIFA<\/strong>.<\/p>\n<p>La afici\u00f3n del conjunto cat\u00f3lico de Glasgow, vigente campe\u00f3n de la <strong>Scottish Premiership<\/strong>, se impuso en la votaci\u00f3n, realizada a trav\u00e9s de la p\u00e1gina de la FIFA, a las aficiones de <strong>Borussia Dortmund<\/strong> y <strong>Copenhague<\/strong>. Los tres candidatos fueron selecciones por un panel de leyendas del f\u00fatbol.<\/p>\n<p style=\"text-align: center;\"><span style=\"color: #3366ff;\"><a href=\"https:\/\/www.futboltotal.com.mx\/futbol-internacional\/liga-de-inglaterra\/olivier-giroud-gana-premio-puskas-al-mejor-gol\/2017\/10\">VER M\u00c1S: Olivier Giroud gana el Premio Puskas al mejor gol 2017<\/a><\/span><\/p>\n<p>https:\/\/twitter.com\/fifacom_es\/status\/922541251651670021<\/p>\n<p>El \u00faltimo partido de la temporada pasada del Celtic coincidi\u00f3 con el 50 aniversario de la importante victoria del equipo escoc\u00e9s en la <strong>Copa de Europa<\/strong>, en 1967.<\/p>\n<p>Los seguidores de los &#8216;Hoops&#8217; rindieron homenaje a aquel m\u00e1gico equipo, conocido como los &#8220;Lisbon Lions&#8221;, los &#8220;Leones de Lisboa&#8221;, con un impresionante mosaico humano desplegado en las gradas del Celtic Park.<\/p>\n<blockquote class=\"twitter-video\" data-lang=\"es\">\n<p dir=\"ltr\" lang=\"en\">\n<p>Watch in slow-mo as Paradise pays a fitting tribute to the Lisbon Lions. <a href=\"https:\/\/twitter.com\/hashtag\/Lisboa50?src=hash&amp;ref_src=twsrc%5Etfw\">#Lisboa50<\/a> <a href=\"https:\/\/t.co\/fWbxAyplbk\">pic.twitter.com\/fWbxAyplbk<\/a><\/p>\n<p>\u2014 Celtic Football Club (@celticfc) <a href=\"https:\/\/twitter.com\/celticfc\/status\/866267594256506881?ref_src=twsrc%5Etfw\">21 de mayo de 2017<\/a><\/p><\/blockquote>\n<p><script async src=\"\/\/platform.twitter.com\/widgets.js\" charset=\"utf-8\"><\/script><\/p>\n<p>El premio, el cuarto que se entregaba esta tarde en el London Palladium, fue presentado por el hist\u00f3rico futbolista camerun\u00e9s Samuel Eto&#8217;o.<\/p>\n<p>El pasado a\u00f1o, el galard\u00f3n fue a parar a las aficiones de Liverpool y Borussia Dortmund, c\u00e9lebres por cantar al un\u00edsono el himno oficioso de los &#8216;Reds&#8217;, el &#8216;You&#8217;ll Never Walk Alone&#8217;, antes de un partido de la Liga Europa un d\u00eda antes de cumplirse el 27 aniversario de la tragedia de Hillsborough. EFE<\/p>\n","protected":false},"excerpt":{"rendered":"<p>Los Leones hicieron un espectacular homenaje a los ganadores de la Copa de Europa.<\/p>\n","protected":false},"author":129,"featured_media":506139,"comment_status":"closed","ping_status":"closed","sticky":false,"template":"","format":"standard","meta":[],"categories":[3839],"tags":[2024,361,7588],"_links":{"self":[{"href":"http:\/\/desarrollo.grupomedios.com\/futbol\/wp-json\/wp\/v2\/posts\/506132"}],"collection":[{"href":"http:\/\/desarrollo.grupomedios.com\/futbol\/wp-json\/wp\/v2\/posts"}],"about":[{"href":"http:\/\/desarrollo.grupomedios.com\/futbol\/wp-json\/wp\/v2\/types\/post"}],"author":[{"embeddable":true,"href":"http:\/\/desarrollo.grupomedios.com\/futbol\/wp-json\/wp\/v2\/users\/129"}],"replies":[{"embeddable":true,"href":"http:\/\/desarrollo.grupomedios.com\/futbol\/wp-json\/wp\/v2\/comments?post=506132"}],"version-history":[{"count":1,"href":"http:\/\/desarrollo.grupomedios.com\/futbol\/wp-json\/wp\/v2\/posts\/506132\/revisions"}],"predecessor-version":[{"id":506140,"href":"http:\/\/desarrollo.grupomedios.com\/futbol\/wp-json\/wp\/v2\/posts\/506132\/revisions\/506140"}],"wp:featuredmedia":[{"embeddable":true,"href":"http:\/\/desarrollo.grupomedios.com\/futbol\/wp-json\/wp\/v2\/media\/506139"}],"wp:attachment":[{"href":"http:\/\/desarrollo.grupomedios.com\/futbol\/wp-json\/wp\/v2\/media?parent=506132"}],"wp:term":[{"taxonomy":"category","embeddable":true,"href":"http:\/\/desarrollo.grupomedios.com\/futbol\/wp-json\/wp\/v2\/categories?post=506132"},{"taxonomy":"post_tag","embeddable":true,"href":"http:\/\/desarrollo.grupomedios.com\/futbol\/wp-json\/wp\/v2\/tags?post=506132"}],"curies":[{"name":"wp","href":"https:\/\/api.w.org\/{rel}","templated":true}]}}