{"id":506135,"date":"2017-10-23T14:43:29","date_gmt":"2017-10-23T19:43:29","guid":{"rendered":"https:\/\/www.futboltotal.com.mx\/?p=506135"},"modified":"2017-10-23T14:43:29","modified_gmt":"2017-10-23T19:43:29","slug":"real-madrid-acapara-equipo-ideal-fifa-en-2017","status":"publish","type":"post","link":"http:\/\/desarrollo.grupomedios.com\/futbol\/destacado-home\/real-madrid-acapara-equipo-ideal-fifa-en-2017\/2017\/10","title":{"rendered":"Real Madrid acapara el equipo ideal de FIFA en 2017"},"content":{"rendered":"<p><strong>POR: EFE<\/strong><\/p>\n<p>Cinco jugadores del <strong>Real Madrid<\/strong> y dos del <strong>Barcelona<\/strong>, junto a los brasile\u00f1os del <strong>PSG<\/strong>, <strong>Dani Alves<\/strong> y <strong>Neymar<\/strong>, y los italianos <strong>Gianluigi Buffon<\/strong> (<strong>Juventus<\/strong>) y <strong>Leonardo<\/strong> <strong>Bonucci<\/strong> (<strong>AC<\/strong>\u00a0<strong>Milan<\/strong>), figuran en el equipo ideal de 2017 de la <strong>FIFA FIFPro<\/strong>, seg\u00fan se ha anunciado este lunes en la gala <strong>The Best<\/strong>.<\/p>\n<p>Los cinco jugadores madridistas son los defensas <strong>Sergio Ramos<\/strong> y <strong>Marcelo<\/strong>, los centrocampistas <strong>Luka Modric<\/strong> y <strong>Toni Kroos<\/strong>, y el atacante portugu\u00e9s <strong>Cristiano Ronaldo<\/strong>.<\/p>\n<p style=\"text-align: center;\"><a href=\"https:\/\/www.futboltotal.com.mx\/futbol-internacional\/liga-de-inglaterra\/olivier-giroud-gana-premio-puskas-al-mejor-gol\/2017\/10\" target=\"_blank\" rel=\"noopener\"><span style=\"color: #333399;\">VER M\u00c1S: Olivier Giroud gana el Premio Puskas al mejor gol 2017<\/span><\/a><\/p>\n<p>Los integrantes del <strong>Barcelona<\/strong> seleccionados para el Best Eleven son el centrocampista <strong>Andr\u00e9s Iniesta<\/strong> y el delantero <strong>Lionel Messi<\/strong>.<\/p>\n<p>Completan la lista de elegidos, y \u00fanicos que no est\u00e1n actualmente en el campeonato espa\u00f1ol, el meta Buffon, el lateral derecho Dani Alves, el defensa central Bonucci y el delantero Neymar, fichado el pasado verano por el PSG procedente del Barcelona.<\/p>\n<p>El Once Ideal de 2017 est\u00e1 formado por: Gianlugi Buffon (Juventus de Tur\u00edn); Dani Alves (PSG), Sergio Ramos (Real Madrid), Leonardo Bonucci (Mil\u00e1n), Marcelo (Real Madrid); Luka Modric (Real Madrid), Toni Kroos (Real Madrid), Andr\u00e9s Iniesta (Barcelona); Neymar (PSG), Lionel Messi (Barcelona) y Cristiano Ronaldo (Real Madrid).<\/p>\n<p><img decoding=\"async\" loading=\"lazy\" class=\"aligncenter size-large wp-image-506143\" src=\"https:\/\/www.futboltotal.com.mx\/wp-content\/uploads\/2017\/10\/real-madrid-acapara-equipo-ideal-fifa-en-2017-1024x576.jpg\" alt=\"Real Madrid acapara el equipo ideal de FIFA en 2017 0\" srcset=\"http:\/\/desarrollo.grupomedios.com\/futbol\/wp-content\/uploads\/2017\/10\/real-madrid-acapara-equipo-ideal-fifa-en-2017-1024x576.jpg 1024w, http:\/\/desarrollo.grupomedios.com\/futbol\/wp-content\/uploads\/2017\/10\/real-madrid-acapara-equipo-ideal-fifa-en-2017-300x169.jpg 300w, http:\/\/desarrollo.grupomedios.com\/futbol\/wp-content\/uploads\/2017\/10\/real-madrid-acapara-equipo-ideal-fifa-en-2017-768x432.jpg 768w, http:\/\/desarrollo.grupomedios.com\/futbol\/wp-content\/uploads\/2017\/10\/real-madrid-acapara-equipo-ideal-fifa-en-2017-393x221.jpg 393w, http:\/\/desarrollo.grupomedios.com\/futbol\/wp-content\/uploads\/2017\/10\/real-madrid-acapara-equipo-ideal-fifa-en-2017.jpg 1136w\" sizes=\"(max-width: 1024px) 100vw, 1024px\" \/><\/p>\n","protected":false},"excerpt":{"rendered":"<p>Sergio Ramos, Marcelo, Luka Modric, Toni Kroos y Cristiano Ronaldo lideran al 11.<\/p>\n","protected":false},"author":154,"featured_media":506143,"comment_status":"closed","ping_status":"closed","sticky":false,"template":"","format":"standard","meta":[],"categories":[5,3839],"tags":[6052,5984,6013,6696,5999,6012,1197,242,5988,6020,7588],"_links":{"self":[{"href":"http:\/\/desarrollo.grupomedios.com\/futbol\/wp-json\/wp\/v2\/posts\/506135"}],"collection":[{"href":"http:\/\/desarrollo.grupomedios.com\/futbol\/wp-json\/wp\/v2\/posts"}],"about":[{"href":"http:\/\/desarrollo.grupomedios.com\/futbol\/wp-json\/wp\/v2\/types\/post"}],"author":[{"embeddable":true,"href":"http:\/\/desarrollo.grupomedios.com\/futbol\/wp-json\/wp\/v2\/users\/154"}],"replies":[{"embeddable":true,"href":"http:\/\/desarrollo.grupomedios.com\/futbol\/wp-json\/wp\/v2\/comments?post=506135"}],"version-history":[{"count":2,"href":"http:\/\/desarrollo.grupomedios.com\/futbol\/wp-json\/wp\/v2\/posts\/506135\/revisions"}],"predecessor-version":[{"id":506145,"href":"http:\/\/desarrollo.grupomedios.com\/futbol\/wp-json\/wp\/v2\/posts\/506135\/revisions\/506145"}],"wp:featuredmedia":[{"embeddable":true,"href":"http:\/\/desarrollo.grupomedios.com\/futbol\/wp-json\/wp\/v2\/media\/506143"}],"wp:attachment":[{"href":"http:\/\/desarrollo.grupomedios.com\/futbol\/wp-json\/wp\/v2\/media?parent=506135"}],"wp:term":[{"taxonomy":"category","embeddable":true,"href":"http:\/\/desarrollo.grupomedios.com\/futbol\/wp-json\/wp\/v2\/categories?post=506135"},{"taxonomy":"post_tag","embeddable":true,"href":"http:\/\/desarrollo.grupomedios.com\/futbol\/wp-json\/wp\/v2\/tags?post=506135"}],"curies":[{"name":"wp","href":"https:\/\/api.w.org\/{rel}","templated":true}]}}