{"id":506146,"date":"2017-10-23T15:08:56","date_gmt":"2017-10-23T20:08:56","guid":{"rendered":"https:\/\/www.futboltotal.com.mx\/?p=506146"},"modified":"2017-10-23T15:09:13","modified_gmt":"2017-10-23T20:09:13","slug":"lieke-martens-elegida-la-mejor-jugadora-del-2017","status":"publish","type":"post","link":"http:\/\/desarrollo.grupomedios.com\/futbol\/uncategorized\/lieke-martens-elegida-la-mejor-jugadora-del-2017\/2017\/10","title":{"rendered":"Lieke Martens, elegida la mejor jugadora del 2017"},"content":{"rendered":"<p>La holandesa<strong> Lieke Martens<\/strong>, atacante del Barcelona, no dio lugar a la sorpresa y este lunes se llev\u00f3 en Londres el premio <strong>The Best<\/strong>\u00a0de la <strong>FIFA<\/strong>, que designa a la mejor jugadora del mundo.<\/p>\n<p><strong>Martens<\/strong>, de 24 a\u00f1os, quien el curso pasado defendi\u00f3 los colores del <strong>Rosengard<\/strong>, conquist\u00f3 con la selecci\u00f3n holandesa el t\u00edtulo en la Eurocopa de este a\u00f1o.<\/p>\n<blockquote class=\"twitter-tweet\" data-data-dnt=\"true\">\n<p lang=\"es\" dir=\"ltr\">\u00a1Felicitaciones, \ud83c\uddf3\ud83c\uddf1 <a href=\"https:\/\/twitter.com\/hashtag\/LiekeMartens?src=hash&amp;ref_src=twsrc%5Etfw\">#LiekeMartens<\/a>! \ud83d\udcaa<\/p>\n<p>Ganadora del Premio <a href=\"https:\/\/twitter.com\/hashtag\/TheBest?src=hash&amp;ref_src=twsrc%5Etfw\">#TheBest<\/a> \ud83c\udfc6<br \/>a la Jugadora de la FIFA 2017. <a href=\"https:\/\/t.co\/ShOtjTSok3\">pic.twitter.com\/ShOtjTSok3<\/a><\/p>\n<p>&mdash; FIFA (Espa\u00f1ol) (@fifacom_es) <a href=\"https:\/\/twitter.com\/fifacom_es\/status\/922550638680137728?ref_src=twsrc%5Etfw\">October 23, 2017<\/a><\/p><\/blockquote>\n<p><script async src=\"https:\/\/platform.twitter.com\/widgets.js\" charset=\"utf-8\"><\/script><\/p>\n<p>La nueva reina del balompi\u00e9 mundial ha vivido un a\u00f1o inolvidable, en el que levant\u00f3 la Eurocopa, fue nombrada mejor jugadora del torneo y fich\u00f3 por el <strong>FC Barcelona<\/strong>. <strong>Mertens<\/strong> sucede en la lista de ganadoras a la hist\u00f3rica <strong>Carli Lloyd<\/strong>, quien estaba nominada este a\u00f1o.<\/p>\n<p>&#8220;Gracias a todos. Gracias a todas mis compa\u00f1eras, a mis entrenadores y a mi familia. Sin ellos no podr\u00eda haber recibido esto. Mam\u00e1, pap\u00e1, esto tambi\u00e9n es para vosotros&#8221;, dijo Lieke a trav\u00e9s de un v\u00eddeo grabado, ya que se encuentra concentrada con la selecci\u00f3n para el partido de clasificaci\u00f3n para el Mundial contra Noruega.<\/p>\n<p style=\"text-align: center;\"><span style=\"color: #3366ff;\"><a href=\"https:\/\/www.futboltotal.com.mx\/futbol-internacional\/cristiano-ronaldo-ganador-the-best-segundo-ano-consecutivo\/2017\/10\">VER M\u00c1S: Cristiano Ronaldo, ganador de The Best por segundo a\u00f1o consecutivo<\/a><\/span><\/p>\n<p>Martens se impuso en la votaci\u00f3n a la estadounidense Lloyd (Houston Dash -jug\u00f3 cedida en el Manchester City Women-) y a la jovenc\u00edsima venezolana Deyna Castellanos, de 18 a\u00f1os y jugadora del Santa Clarita Blue Heat.<\/p>\n<p>La jugadora alemana Celia Sasic y el exjugador japon\u00e9s Hidetoshi Nakata fueron los encargados de hacerle entrega a la jugadora del Barcelona del premio &#8216;The Best&#8217;.EFE<\/p>\n","protected":false},"excerpt":{"rendered":"<p>La jugadora sustituy\u00f3 a Carli Lloyd<\/p>\n","protected":false},"author":129,"featured_media":506149,"comment_status":"closed","ping_status":"closed","sticky":false,"template":"","format":"standard","meta":[],"categories":[3839,1],"tags":[361,10814,7588],"_links":{"self":[{"href":"http:\/\/desarrollo.grupomedios.com\/futbol\/wp-json\/wp\/v2\/posts\/506146"}],"collection":[{"href":"http:\/\/desarrollo.grupomedios.com\/futbol\/wp-json\/wp\/v2\/posts"}],"about":[{"href":"http:\/\/desarrollo.grupomedios.com\/futbol\/wp-json\/wp\/v2\/types\/post"}],"author":[{"embeddable":true,"href":"http:\/\/desarrollo.grupomedios.com\/futbol\/wp-json\/wp\/v2\/users\/129"}],"replies":[{"embeddable":true,"href":"http:\/\/desarrollo.grupomedios.com\/futbol\/wp-json\/wp\/v2\/comments?post=506146"}],"version-history":[{"count":1,"href":"http:\/\/desarrollo.grupomedios.com\/futbol\/wp-json\/wp\/v2\/posts\/506146\/revisions"}],"predecessor-version":[{"id":506150,"href":"http:\/\/desarrollo.grupomedios.com\/futbol\/wp-json\/wp\/v2\/posts\/506146\/revisions\/506150"}],"wp:featuredmedia":[{"embeddable":true,"href":"http:\/\/desarrollo.grupomedios.com\/futbol\/wp-json\/wp\/v2\/media\/506149"}],"wp:attachment":[{"href":"http:\/\/desarrollo.grupomedios.com\/futbol\/wp-json\/wp\/v2\/media?parent=506146"}],"wp:term":[{"taxonomy":"category","embeddable":true,"href":"http:\/\/desarrollo.grupomedios.com\/futbol\/wp-json\/wp\/v2\/categories?post=506146"},{"taxonomy":"post_tag","embeddable":true,"href":"http:\/\/desarrollo.grupomedios.com\/futbol\/wp-json\/wp\/v2\/tags?post=506146"}],"curies":[{"name":"wp","href":"https:\/\/api.w.org\/{rel}","templated":true}]}}