{"id":506151,"date":"2017-10-23T16:14:54","date_gmt":"2017-10-23T21:14:54","guid":{"rendered":"https:\/\/www.futboltotal.com.mx\/?p=506151"},"modified":"2017-10-23T16:14:54","modified_gmt":"2017-10-23T21:14:54","slug":"real-sociedad-vela-rescatan-empate-ante-espanyol","status":"publish","type":"post","link":"http:\/\/desarrollo.grupomedios.com\/futbol\/futbol-internacional\/real-sociedad-vela-rescatan-empate-ante-espanyol\/2017\/10","title":{"rendered":"Real Sociedad y Vela rescatan empate ante el Espanyol"},"content":{"rendered":"<p>La <strong>Real Sociedad de Carlos Vela,<\/strong>\u00a0 empat\u00f3 con un gol de<strong> Asier Illarramendi<\/strong> en el minuto 68 y volvi\u00f3 a dejarse puntos en su casa esta temporada y el <strong>Espanyol<\/strong>, que sigue sin ganar fuera, se llev\u00f3 un empate que devuelve al equipo donostiarra a la realidad, cuando parec\u00eda haber dejado atr\u00e1s la crisis de resultados.<\/p>\n<p>Los donostiarras llegaban a este partido con la moral muy alta tras sus dos \u00faltimas victorias, ante <strong>Alav\u00e9s<\/strong> en la <strong>Liga<\/strong> y la goleada hist\u00f3rica en la Europa Leagueante el Vardar (0-6), la afici\u00f3n acud\u00eda confiada en que los malos tiempos se hab\u00edan superado pero, a las primeras de cambio, el Espanyol ya estaba por delante en el marcador.<\/p>\n<blockquote class=\"twitter-tweet\" data-width=\"500\">\n<p lang=\"en\" dir=\"ltr\">Final <a href=\"https:\/\/twitter.com\/hashtag\/RealSociedadEspanyol?src=hash&amp;ref_src=twsrc%5Etfw\">#RealSociedadEspanyol<\/a> <a href=\"https:\/\/t.co\/IlQ1rJgBLM\">pic.twitter.com\/IlQ1rJgBLM<\/a><\/p>\n<p>&mdash; Real Sociedad F\u00fatbol (@RealSociedad) <a href=\"https:\/\/twitter.com\/RealSociedad\/status\/922551162187984897?ref_src=twsrc%5Etfw\">October 23, 2017<\/a><\/p><\/blockquote>\n<p><script async src=\"\/\/platform.twitter.com\/widgets.js\" charset=\"utf-8\"><\/script><\/p>\n<p>Una asistencia de Parejo para su compa\u00f1ero <strong>Leo Baptistao<\/strong> origin\u00f3 el primer fuego en Anoeta porque el delantero brasile\u00f1o se movi\u00f3 sin vigilancia alguna en el \u00e1rea local para hacer un bello tanto.<\/p>\n<p>El conjunto de Quique S\u00e1nchez ya ten\u00eda el encuentro donde quer\u00eda, se encerr\u00f3 atr\u00e1s y dej\u00f3 todo el desgaste a los guipuzcoanos, que segu\u00edan transmitiendo buenas sensaciones y estuvieron cerca de lograr el empate mediada la primera mitad, en una acci\u00f3n de <strong>Carlos Vela<\/strong> desbaratada en el \u00faltimo momento por la zaga del Espanyol.<\/p>\n<p style=\"text-align: center;\"><span style=\"color: #3366ff;\"><a href=\"https:\/\/www.futboltotal.com.mx\/futbol-internacional\/cristiano-ronaldo-ganador-the-best-segundo-ano-consecutivo\/2017\/10\">VER M\u00c1S: Cristiano Ronaldo, ganador de The Best por segundo a\u00f1o consecutivo<\/a><\/span><\/p>\n<p>La segunda mitad mantuvo la t\u00f3nica de la primera parte, dominio realista, el Espanyol ojo avizor para triunfar en alguna contra y muy escasas ocasiones de gol, como la que disfrut\u00f3 Mikel Oyarzabal, el mejor jugador en el campo, a la vuelta de vestuarios en un remate desbaratado por Pau L\u00f3pez.<\/p>\n<p>Illarramendi acudi\u00f3 al rescate de su equipo en el minuto 68, tras una jugada de fantas\u00eda del belga Januzaj que asisti\u00f3 al exjugador del Real Madrid para lograr lo que parec\u00eda imposible, batir a Pau L\u00f3pez.<\/p>\n","protected":false},"excerpt":{"rendered":"<p>El mexicano dio un buen encuentro.<\/p>\n","protected":false},"author":129,"featured_media":506152,"comment_status":"closed","ping_status":"closed","sticky":false,"template":"","format":"standard","meta":[],"categories":[3839,3844,6718],"tags":[6048,67,6214,6114,4545,102],"_links":{"self":[{"href":"http:\/\/desarrollo.grupomedios.com\/futbol\/wp-json\/wp\/v2\/posts\/506151"}],"collection":[{"href":"http:\/\/desarrollo.grupomedios.com\/futbol\/wp-json\/wp\/v2\/posts"}],"about":[{"href":"http:\/\/desarrollo.grupomedios.com\/futbol\/wp-json\/wp\/v2\/types\/post"}],"author":[{"embeddable":true,"href":"http:\/\/desarrollo.grupomedios.com\/futbol\/wp-json\/wp\/v2\/users\/129"}],"replies":[{"embeddable":true,"href":"http:\/\/desarrollo.grupomedios.com\/futbol\/wp-json\/wp\/v2\/comments?post=506151"}],"version-history":[{"count":1,"href":"http:\/\/desarrollo.grupomedios.com\/futbol\/wp-json\/wp\/v2\/posts\/506151\/revisions"}],"predecessor-version":[{"id":506153,"href":"http:\/\/desarrollo.grupomedios.com\/futbol\/wp-json\/wp\/v2\/posts\/506151\/revisions\/506153"}],"wp:featuredmedia":[{"embeddable":true,"href":"http:\/\/desarrollo.grupomedios.com\/futbol\/wp-json\/wp\/v2\/media\/506152"}],"wp:attachment":[{"href":"http:\/\/desarrollo.grupomedios.com\/futbol\/wp-json\/wp\/v2\/media?parent=506151"}],"wp:term":[{"taxonomy":"category","embeddable":true,"href":"http:\/\/desarrollo.grupomedios.com\/futbol\/wp-json\/wp\/v2\/categories?post=506151"},{"taxonomy":"post_tag","embeddable":true,"href":"http:\/\/desarrollo.grupomedios.com\/futbol\/wp-json\/wp\/v2\/tags?post=506151"}],"curies":[{"name":"wp","href":"https:\/\/api.w.org\/{rel}","templated":true}]}}