{"id":506154,"date":"2017-10-23T16:33:26","date_gmt":"2017-10-23T21:33:26","guid":{"rendered":"https:\/\/www.futboltotal.com.mx\/?p=506154"},"modified":"2017-10-23T16:33:26","modified_gmt":"2017-10-23T21:33:26","slug":"david-faitelson-tunde-a-paco-jemez","status":"publish","type":"post","link":"http:\/\/desarrollo.grupomedios.com\/futbol\/futbol-mexicano\/david-faitelson-tunde-a-paco-jemez\/2017\/10","title":{"rendered":"David Faitelson tunde a Paco J\u00e9mez"},"content":{"rendered":"<p>Luego de la goleada que <strong>Cruz Azul<\/strong> recibi\u00f3 contra los <strong>Lobos BUAP<\/strong>, las pol\u00e9micas declaraciones que hizo <strong>Paco J\u00e9mez<\/strong> siguen causando reacciones en todos el medio deportivo, desde entrenadores, ex jugadores y periodistas.<\/p>\n<p>Primero fue <strong>Miguel Herrera<\/strong> <span style=\"color: #3366ff;\"><a href=\"https:\/\/www.futboltotal.com.mx\/destacado-home\/miguel-herrera-responde-a-jemez-presume-america-grande\/2017\/10\" target=\"_blank\" rel=\"noopener\">previo al partido entre el Am\u00e9rica y los cementeros<\/a><\/span>, y ahora se ha sumado el periodista de<em> ESPN<\/em>, <strong>David Faitelson<\/strong>, quien ha asegurado que para \u00e9l, <strong>La M\u00e1quina<\/strong> sigue siendo grande.<\/p>\n<p style=\"text-align: center;\"><span style=\"color: #3366ff;\"><a href=\"https:\/\/www.futboltotal.com.mx\/futbol-internacional\/cristiano-ronaldo-ganador-the-best-segundo-ano-consecutivo\/2017\/10\">VER M\u00c1S: Cristiano Ronaldo, ganador de The Best por segundo a\u00f1o consecutivo<\/a><\/span><\/p>\n<p>A trav\u00e9s de su cuenta de Twitter, <strong>Faitelson<\/strong> mand\u00f3 una indirecta para J\u00e9mez.<\/p>\n<p>&#8220;Para mi, Cruz Azul sigue siendo un \u201cequipo grande\u201d, esta vez, con un \u201centrenador peque\u00f1o\u201d, escribi\u00f3.<\/p>\n<blockquote class=\"twitter-tweet\" data-width=\"500\">\n<p lang=\"es\" dir=\"ltr\">Para mi, Cruz Azul sigue siendo un \u201cequipo grande\u201d, esta vez, con un \u201centrenador peque\u00f1o\u201d.<\/p>\n<p>&mdash; David Faitelson (@Faitelson_ESPN) <a href=\"https:\/\/twitter.com\/Faitelson_ESPN\/status\/922562402507296769?ref_src=twsrc%5Etfw\">October 23, 2017<\/a><\/p><\/blockquote>\n<p><script async src=\"\/\/platform.twitter.com\/widgets.js\" charset=\"utf-8\"><\/script><\/p>\n<p><strong>Paco J\u00e9mez<\/strong> ha causado pol\u00e9mica luego de que declar\u00f3 que Cruz Azul no es un equipo grande tras la derrota que su equipo tuvo ante Lobos BUAP.<\/p>\n","protected":false},"excerpt":{"rendered":"<p>El periodista de ESPN critic\u00f3 al t\u00e9cnico espa\u00f1ol luego de sus declaraciones.<\/p>\n","protected":false},"author":129,"featured_media":506155,"comment_status":"closed","ping_status":"closed","sticky":false,"template":"","format":"standard","meta":[],"categories":[2198,3845],"tags":[5962,6501,6214,3883,64,7053],"_links":{"self":[{"href":"http:\/\/desarrollo.grupomedios.com\/futbol\/wp-json\/wp\/v2\/posts\/506154"}],"collection":[{"href":"http:\/\/desarrollo.grupomedios.com\/futbol\/wp-json\/wp\/v2\/posts"}],"about":[{"href":"http:\/\/desarrollo.grupomedios.com\/futbol\/wp-json\/wp\/v2\/types\/post"}],"author":[{"embeddable":true,"href":"http:\/\/desarrollo.grupomedios.com\/futbol\/wp-json\/wp\/v2\/users\/129"}],"replies":[{"embeddable":true,"href":"http:\/\/desarrollo.grupomedios.com\/futbol\/wp-json\/wp\/v2\/comments?post=506154"}],"version-history":[{"count":1,"href":"http:\/\/desarrollo.grupomedios.com\/futbol\/wp-json\/wp\/v2\/posts\/506154\/revisions"}],"predecessor-version":[{"id":506156,"href":"http:\/\/desarrollo.grupomedios.com\/futbol\/wp-json\/wp\/v2\/posts\/506154\/revisions\/506156"}],"wp:featuredmedia":[{"embeddable":true,"href":"http:\/\/desarrollo.grupomedios.com\/futbol\/wp-json\/wp\/v2\/media\/506155"}],"wp:attachment":[{"href":"http:\/\/desarrollo.grupomedios.com\/futbol\/wp-json\/wp\/v2\/media?parent=506154"}],"wp:term":[{"taxonomy":"category","embeddable":true,"href":"http:\/\/desarrollo.grupomedios.com\/futbol\/wp-json\/wp\/v2\/categories?post=506154"},{"taxonomy":"post_tag","embeddable":true,"href":"http:\/\/desarrollo.grupomedios.com\/futbol\/wp-json\/wp\/v2\/tags?post=506154"}],"curies":[{"name":"wp","href":"https:\/\/api.w.org\/{rel}","templated":true}]}}