{"id":506157,"date":"2017-10-23T16:49:47","date_gmt":"2017-10-23T21:49:47","guid":{"rendered":"https:\/\/www.futboltotal.com.mx\/?p=506157"},"modified":"2017-10-23T16:49:47","modified_gmt":"2017-10-23T21:49:47","slug":"leicester-city-iria-matias-almeyda","status":"publish","type":"post","link":"http:\/\/desarrollo.grupomedios.com\/futbol\/destacado-home\/leicester-city-iria-matias-almeyda\/2017\/10","title":{"rendered":"Leicester City ir\u00eda por Mat\u00edas Almeyda"},"content":{"rendered":"<p>A pesar del campeonato que gan\u00f3 el pasado <strong>Clausura 2017<\/strong>, parece que el futuro de <strong>Mat\u00edas Almeyda<\/strong> no estar\u00eda en el futbol mexicano luego de no conseguir defender el t\u00edtulo de <strong>Chivas<\/strong> para el torneo reciente.<\/p>\n<p>Y es que seg\u00fan el diario ingl\u00e9s <em>The Mirror<\/em>, el nombre del <em>Pelado<\/em> ha sonado para llegar a la <strong>Premier League<\/strong> y estar\u00eda aterrizando en uno de los recientes campeones del futbol ingl\u00e9s: <strong>Leicester City.<\/strong><\/p>\n<p style=\"text-align: center;\"><span style=\"color: #3366ff;\"><a href=\"https:\/\/www.futboltotal.com.mx\/cambio-de-juego\/moises-munoz-rechaza-fichar-para-club-cuervos\/2017\/10\">VER M\u00c1S: Mois\u00e9s Mu\u00f1oz \u2018rechaza\u2019 fichar para Club de Cuervos<\/a><\/span><\/p>\n<p><img decoding=\"async\" loading=\"lazy\" class=\"size-full wp-image-506159 aligncenter\" src=\"https:\/\/www.futboltotal.com.mx\/wp-content\/uploads\/2017\/10\/matias-almeyda-leicester-city.jpg\" alt=\"Leicester City ir\u00eda por Mat\u00edas Almeyda 0\" srcset=\"http:\/\/desarrollo.grupomedios.com\/futbol\/wp-content\/uploads\/2017\/10\/matias-almeyda-leicester-city.jpg 919w, http:\/\/desarrollo.grupomedios.com\/futbol\/wp-content\/uploads\/2017\/10\/matias-almeyda-leicester-city-300x230.jpg 300w, http:\/\/desarrollo.grupomedios.com\/futbol\/wp-content\/uploads\/2017\/10\/matias-almeyda-leicester-city-768x588.jpg 768w\" sizes=\"(max-width: 919px) 100vw, 919px\" \/><\/p>\n<p>Los <strong>Foxes<\/strong> no han tenido una actuaci\u00f3n destacada desde la obtenci\u00f3n del campeonato, pues el torneo anterior se enfocaron en la <strong>Champions League<\/strong>, donde cayeron en Cuartos de Final con el <strong>Atl\u00e9tico de Madrid<\/strong> y despu\u00e9s alcanzaron a salvar el descenso.<\/p>\n<p>Actualmente el <strong>Leicester City<\/strong> se encuentra en la posici\u00f3n n\u00famero 14 y hace unos d\u00edas despidieron al t\u00e9cnico <strong>Craig Shakespeare<\/strong>, quien hab\u00eda sustuido al italiano <strong>Claudio Ranieri<\/strong>.<\/p>\n<p>El motivo por el que <strong>Mat\u00edas Almeyda<\/strong> estar\u00eda con destino a <strong>Inglaterra<\/strong> es por la mala temporada que tuvo con <strong>Chivas<\/strong> y el argentino podr\u00eda buscar otros aires para seguir creciendo como entrenador.<\/p>\n","protected":false},"excerpt":{"rendered":"<p>El t\u00e9cnico argentino podr\u00eda cambiar de aires para el inicio de 2018.<\/p>\n","protected":false},"author":129,"featured_media":506162,"comment_status":"closed","ping_status":"closed","sticky":false,"template":"","format":"standard","meta":[],"categories":[5,2198,3845],"tags":[8357,3883,775,64,1420,334],"_links":{"self":[{"href":"http:\/\/desarrollo.grupomedios.com\/futbol\/wp-json\/wp\/v2\/posts\/506157"}],"collection":[{"href":"http:\/\/desarrollo.grupomedios.com\/futbol\/wp-json\/wp\/v2\/posts"}],"about":[{"href":"http:\/\/desarrollo.grupomedios.com\/futbol\/wp-json\/wp\/v2\/types\/post"}],"author":[{"embeddable":true,"href":"http:\/\/desarrollo.grupomedios.com\/futbol\/wp-json\/wp\/v2\/users\/129"}],"replies":[{"embeddable":true,"href":"http:\/\/desarrollo.grupomedios.com\/futbol\/wp-json\/wp\/v2\/comments?post=506157"}],"version-history":[{"count":2,"href":"http:\/\/desarrollo.grupomedios.com\/futbol\/wp-json\/wp\/v2\/posts\/506157\/revisions"}],"predecessor-version":[{"id":506164,"href":"http:\/\/desarrollo.grupomedios.com\/futbol\/wp-json\/wp\/v2\/posts\/506157\/revisions\/506164"}],"wp:featuredmedia":[{"embeddable":true,"href":"http:\/\/desarrollo.grupomedios.com\/futbol\/wp-json\/wp\/v2\/media\/506162"}],"wp:attachment":[{"href":"http:\/\/desarrollo.grupomedios.com\/futbol\/wp-json\/wp\/v2\/media?parent=506157"}],"wp:term":[{"taxonomy":"category","embeddable":true,"href":"http:\/\/desarrollo.grupomedios.com\/futbol\/wp-json\/wp\/v2\/categories?post=506157"},{"taxonomy":"post_tag","embeddable":true,"href":"http:\/\/desarrollo.grupomedios.com\/futbol\/wp-json\/wp\/v2\/tags?post=506157"}],"curies":[{"name":"wp","href":"https:\/\/api.w.org\/{rel}","templated":true}]}}